{"id":8619,"date":"2024-05-19T19:55:45","date_gmt":"2024-05-19T23:55:45","guid":{"rendered":"https:\/\/webdealta.info\/?p=8619"},"modified":"2024-05-19T19:56:01","modified_gmt":"2024-05-19T23:56:01","slug":"este-domingo-corpoelec-restablecio-el-servicio-en-ezequiel-zamora","status":"publish","type":"post","link":"https:\/\/webdealta.info\/?p=8619","title":{"rendered":"Este domingo Corpoelec restableci\u00f3 el servicio en Ezequiel Zamora"},"content":{"rendered":"\n<p>Amanda Saldivia.-<\/p>\n\n\n\n<p>Antes de cumplirse las 72 horas sin energ\u00eda el\u00e9ctrica, Corpoelec restableci\u00f3 el servicio en las calles 1 y 2 del sector Ezequiel Zamora de Altagracia de Orituco, aver\u00eda que se registr\u00f3 en la noche del pasado jueves y que afect\u00f3 a 50 familias, aproximadamente.<\/p>\n\n\n\n<p>De acuerdo al reporte de vecinos, las labores comenzaron en horas del mediod\u00eda de este domingo 19 de mayo, por parte de una cuadrilla de Corpoelec que se present\u00f3 en la zona con el material requerido para restablecer el servicio.<\/p>\n\n\n\n<p>El trabajo se prolong\u00f3 hasta pasadas las 6:00 pm, hora en que el servicio fue restablecido.<\/p>\n\n\n\n<p>@amandasaldivia <\/p>\n\n\n\n<p><\/p>\n","protected":false},"excerpt":{"rendered":"<p>Amanda Saldivia.- Antes de cumplirse las 72 horas sin energ\u00eda el\u00e9ctrica, Corpoelec restableci\u00f3 el servicio en las calles 1 y 2 del sector Ezequiel Zamora de Altagracia de Orituco, aver\u00eda que se registr\u00f3 en la noche del pasado jueves y que afect\u00f3 a 50 familias, aproximadamente. De acuerdo al reporte<\/p>\n","protected":false},"author":2,"featured_media":8620,"comment_status":"open","ping_status":"open","sticky":false,"template":"","format":"standard","meta":{"advanced_seo_description":"","jetpack_seo_html_title":"","jetpack_seo_noindex":false,"_jetpack_memberships_contains_paid_content":false,"footnotes":"","jetpack_publicize_message":"","jetpack_publicize_feature_enabled":true,"jetpack_social_post_already_shared":true,"jetpack_social_options":{"image_generator_settings":{"template":"highway","enabled":false},"version":2}},"categories":[122,251],"tags":[8,7,32],"class_list":["post-8619","post","type-post","status-publish","format-standard","has-post-thumbnail","hentry","category-electricidad","category-webdealta","tag-altagraciadeorituco","tag-guarico","tag-webdealta",""],"jetpack_publicize_connections":[],"jetpack_featured_media_url":"https:\/\/webdealta.info\/wp-content\/uploads\/2024\/05\/ezequiel-zamora-webdealta-1.png","jetpack_sharing_enabled":true,"jetpack_likes_enabled":true,"jetpack-related-posts":[],"jetpack_shortlink":"https:\/\/wp.me\/pcseDn-2f1","_links":{"self":[{"href":"https:\/\/webdealta.info\/index.php?rest_route=\/wp\/v2\/posts\/8619","targetHints":{"allow":["GET"]}}],"collection":[{"href":"https:\/\/webdealta.info\/index.php?rest_route=\/wp\/v2\/posts"}],"about":[{"href":"https:\/\/webdealta.info\/index.php?rest_route=\/wp\/v2\/types\/post"}],"author":[{"embeddable":true,"href":"https:\/\/webdealta.info\/index.php?rest_route=\/wp\/v2\/users\/2"}],"replies":[{"embeddable":true,"href":"https:\/\/webdealta.info\/index.php?rest_route=%2Fwp%2Fv2%2Fcomments&post=8619"}],"version-history":[{"count":1,"href":"https:\/\/webdealta.info\/index.php?rest_route=\/wp\/v2\/posts\/8619\/revisions"}],"predecessor-version":[{"id":8621,"href":"https:\/\/webdealta.info\/index.php?rest_route=\/wp\/v2\/posts\/8619\/revisions\/8621"}],"wp:featuredmedia":[{"embeddable":true,"href":"https:\/\/webdealta.info\/index.php?rest_route=\/wp\/v2\/media\/8620"}],"wp:attachment":[{"href":"https:\/\/webdealta.info\/index.php?rest_route=%2Fwp%2Fv2%2Fmedia&parent=8619"}],"wp:term":[{"taxonomy":"category","embeddable":true,"href":"https:\/\/webdealta.info\/index.php?rest_route=%2Fwp%2Fv2%2Fcategories&post=8619"},{"taxonomy":"post_tag","embeddable":true,"href":"https:\/\/webdealta.info\/index.php?rest_route=%2Fwp%2Fv2%2Ftags&post=8619"}],"curies":[{"name":"wp","href":"https:\/\/api.w.org\/{rel}","templated":true}]}}