{"id":8611,"date":"2024-05-18T11:56:49","date_gmt":"2024-05-18T15:56:49","guid":{"rendered":"https:\/\/webdealta.info\/?p=8611"},"modified":"2024-05-18T11:56:54","modified_gmt":"2024-05-18T15:56:54","slug":"fallecio-joven-con-condicion-que-fue-coronada-reina-de-los-mototaxistas","status":"publish","type":"post","link":"https:\/\/webdealta.info\/?p=8611","title":{"rendered":"Falleci\u00f3 joven con condici\u00f3n que fue coronada Reina de los Mototaxistas"},"content":{"rendered":"\n<p>Amanda Saldivia.-<\/p>\n\n\n\n<p>Consternado est\u00e1 el gremio de mototaxistas de Altagracia de Orituco, al conocerse que falleci\u00f3 Aracelis Rond\u00f3n, joven con una condici\u00f3n especial a quien ellos coronaron Reina de los Carnavales hace dos a\u00f1os, como parte de una campa\u00f1a en contra del bullying y para promover el respeto a la mujer.<\/p>\n\n\n\n<p>Jean Carlos M\u00e1rquez, presidente del Frente de Motorizados del municipio Jos\u00e9 Tadeo Monagas, confirm\u00f3 el lamentable suceso. Al ser consultado por la Web de Altagracia, expres\u00f3 que el gremio est\u00e1 consternado.<\/p>\n\n\n\n<p>El cuerpo sin vida de Aracelis Rond\u00f3n fue localizado en la ma\u00f1ana de este s\u00e1bado 18 de mayo en la carretera perimetral, a la altura del sector Brisas del Orituco. Hasta el momento se cree que fue arrollada. No obstante, la investigaci\u00f3n est\u00e1 a cargo de funcionarios del CICPC.<\/p>\n\n\n\n<p>En la memoria de los gracitanos quedar\u00e1 esta iniciativa de los mototaxistas, quienes cerraron el carnaval de 2022 son cientos de veh\u00edculos de dos ruedas escoltando el recorrido de la carroza, en la cual estaba Aracelis Rond\u00f3n de traje largo, maquillada y con corona, feliz de las atenciones que recibi\u00f3.<\/p>\n\n\n\n<p>@amandasaldivia  <\/p>\n\n\n\n<p><\/p>\n","protected":false},"excerpt":{"rendered":"<p>Amanda Saldivia.- Consternado est\u00e1 el gremio de mototaxistas de Altagracia de Orituco, al conocerse que falleci\u00f3 Aracelis Rond\u00f3n, joven con una condici\u00f3n especial a quien ellos coronaron Reina de los Carnavales hace dos a\u00f1os, como parte de una campa\u00f1a en contra del bullying y para promover el respeto a la<\/p>\n","protected":false},"author":2,"featured_media":8612,"comment_status":"open","ping_status":"open","sticky":false,"template":"","format":"standard","meta":{"advanced_seo_description":"","jetpack_seo_html_title":"","jetpack_seo_noindex":false,"_jetpack_memberships_contains_paid_content":false,"footnotes":"","jetpack_publicize_message":"","jetpack_publicize_feature_enabled":true,"jetpack_social_post_already_shared":true,"jetpack_social_options":{"image_generator_settings":{"template":"highway","enabled":false},"version":2}},"categories":[234,251],"tags":[8,7,32],"class_list":["post-8611","post","type-post","status-publish","format-standard","has-post-thumbnail","hentry","category-sucesos","category-webdealta","tag-altagraciadeorituco","tag-guarico","tag-webdealta",""],"jetpack_publicize_connections":[],"jetpack_featured_media_url":"https:\/\/webdealta.info\/wp-content\/uploads\/2024\/05\/sucesos.png","jetpack_sharing_enabled":true,"jetpack_likes_enabled":true,"jetpack-related-posts":[],"jetpack_shortlink":"https:\/\/wp.me\/pcseDn-2eT","_links":{"self":[{"href":"https:\/\/webdealta.info\/index.php?rest_route=\/wp\/v2\/posts\/8611","targetHints":{"allow":["GET"]}}],"collection":[{"href":"https:\/\/webdealta.info\/index.php?rest_route=\/wp\/v2\/posts"}],"about":[{"href":"https:\/\/webdealta.info\/index.php?rest_route=\/wp\/v2\/types\/post"}],"author":[{"embeddable":true,"href":"https:\/\/webdealta.info\/index.php?rest_route=\/wp\/v2\/users\/2"}],"replies":[{"embeddable":true,"href":"https:\/\/webdealta.info\/index.php?rest_route=%2Fwp%2Fv2%2Fcomments&post=8611"}],"version-history":[{"count":1,"href":"https:\/\/webdealta.info\/index.php?rest_route=\/wp\/v2\/posts\/8611\/revisions"}],"predecessor-version":[{"id":8613,"href":"https:\/\/webdealta.info\/index.php?rest_route=\/wp\/v2\/posts\/8611\/revisions\/8613"}],"wp:featuredmedia":[{"embeddable":true,"href":"https:\/\/webdealta.info\/index.php?rest_route=\/wp\/v2\/media\/8612"}],"wp:attachment":[{"href":"https:\/\/webdealta.info\/index.php?rest_route=%2Fwp%2Fv2%2Fmedia&parent=8611"}],"wp:term":[{"taxonomy":"category","embeddable":true,"href":"https:\/\/webdealta.info\/index.php?rest_route=%2Fwp%2Fv2%2Fcategories&post=8611"},{"taxonomy":"post_tag","embeddable":true,"href":"https:\/\/webdealta.info\/index.php?rest_route=%2Fwp%2Fv2%2Ftags&post=8611"}],"curies":[{"name":"wp","href":"https:\/\/api.w.org\/{rel}","templated":true}]}}