{"id":8591,"date":"2024-05-14T20:55:16","date_gmt":"2024-05-15T00:55:16","guid":{"rendered":"https:\/\/webdealta.info\/?p=8591"},"modified":"2024-05-14T20:55:17","modified_gmt":"2024-05-15T00:55:17","slug":"nuevo-encuentro-de-zona-economica-agroalimentaria-shandong-china-venezuela","status":"publish","type":"post","link":"https:\/\/webdealta.info\/?p=8591","title":{"rendered":"Nuevo encuentro de Zona Econ\u00f3mica Agroalimentaria Shandong China-Venezuela \u00a0\u00a0"},"content":{"rendered":"\n<p>Sibci Gu\u00e1rico.-<\/p>\n\n\n\n<p>En aras de potenciar el sector productivo y la prosperidad econ\u00f3mica regional, el gobernador Jos\u00e9 V\u00e1squez asisti\u00f3 a la reuni\u00f3n dirigida por el ministro para la Agricultura Productiva y Tierras, Wilmar Castro Soteldo, con la intenci\u00f3n de resaltar el balance del Hermanamiento de la Zona Econ\u00f3mica Especial Agroalimentaria de Oriente (Zeeao) Shandong China-Venezuela, as\u00ed como la definici\u00f3n de nuevas estrategias que potencien sus funciones.<\/p>\n\n\n\n<p>El ministro Castro Soteldo manifest\u00f3 su compromiso por seguir unificando a los circuitos productivos en sus respectivos rubros: ma\u00edz, sorgo, soya, man\u00ed y merey; como tambi\u00e9n la producci\u00f3n de ganader\u00eda bovina, caprina, ovina y bufalina; y la producci\u00f3n forestal, leguminosas, algod\u00f3n, girasol, tomando en cuenta que este aspecto remarca la base de la organizaci\u00f3n \u201ctenemos como objetivo convertir al oriente del pa\u00eds en la pr\u00f3xima potencia agroalimentaria del continente. Nosotros conocemos el potencial y talento humano de Venezuela\u201d.<\/p>\n\n\n\n<p>Tambi\u00e9n, se\u00f1al\u00f3 que el pa\u00eds tiene la capacidad de producir los rubros necesarios para cubrir la demanda nacional y la exportaci\u00f3n internacional, puesto que la Zeeao dispondr\u00e1 de condiciones especiales, incentivos fiscales y financiamientos para las propuestas productivas de los miembros, siendo estos: el Oriente de Gu\u00e1rico, sur de Anzo\u00e1tegui, centro-occidente de Monagas, sur de Sucre, norte de Bol\u00edvar y Delta Amacuro.&nbsp;<\/p>\n\n\n\n<p>De tal manera, hizo menci\u00f3n a una pasada reuni\u00f3n en compa\u00f1\u00eda de 104 empresarios de la Rep\u00fablica Popular China y de Venezuela, quienes intercambiaron negocios, y realizaron la sistematizaci\u00f3n de los primeros 24 proyectos establecidos como meta, dentro de las distintas \u00e1reas de la econom\u00eda agroalimentaria.<\/p>\n\n\n\n<p>Con esto en cuenta, se pretende conformar un grupo t\u00e9cnico y pol\u00edtico que oriente las funciones de la Zona Econ\u00f3mica Especial hacia la pr\u00f3xima reuni\u00f3n en la provincia de Shandong, quienes llevar\u00e1n la propuesta final emergente de los proyectos establecidos por los miembros mencionados con anterioridad, a fin de consolidar un convenio entre ambas naciones.<\/p>\n\n\n\n<p><strong>Gu\u00e1rico productivo<\/strong><\/p>\n\n\n\n<p>Por otra parte, el l\u00edder guarique\u00f1o V\u00e1squez coment\u00f3 que la organizaci\u00f3n ha contribuido al reimpulso econ\u00f3mico regional, adem\u00e1s acot\u00f3 que la organizaci\u00f3n impulsar\u00e1 un nuevo nivel de rendimiento a trav\u00e9s de un nuevo sistema de econom\u00eda diversificada \u201cpara los productores y empresarios del sector agr\u00edcola, la Zona Econ\u00f3mica Especial es la esperanza, el crecimiento y desarrollo&#8230; regional como nacional\u201d.<\/p>\n\n\n\n<p>Del mismo modo, aport\u00f3 que las fuerzas productivas se han expandido gracias a las pol\u00edticas de crecimiento econ\u00f3mico establecidas por el presidente Nicol\u00e1s Maduro, que tienen como orientaci\u00f3n convertir al oriente del pa\u00eds en la pr\u00f3xima potencia agroalimentaria del continente.&nbsp;<\/p>\n\n\n\n<p>Finalmente, el esfuerzo en conjunto permitir\u00e1 el desarrollo econ\u00f3mico mediante la organizaci\u00f3n de las pol\u00edticas que unifican las regiones como una sola, por su potencial econ\u00f3mico, productivo e industrial, impulsando el compromiso de las potencias productivas.<\/p>\n\n\n\n<p><\/p>\n","protected":false},"excerpt":{"rendered":"<p>Sibci Gu\u00e1rico.- En aras de potenciar el sector productivo y la prosperidad econ\u00f3mica regional, el gobernador Jos\u00e9 V\u00e1squez asisti\u00f3 a la reuni\u00f3n dirigida por el ministro para la Agricultura Productiva y Tierras, Wilmar Castro Soteldo, con la intenci\u00f3n de resaltar el balance del Hermanamiento de la Zona Econ\u00f3mica Especial Agroalimentaria<\/p>\n","protected":false},"author":2,"featured_media":8592,"comment_status":"open","ping_status":"open","sticky":false,"template":"","format":"standard","meta":{"advanced_seo_description":"","jetpack_seo_html_title":"","jetpack_seo_noindex":false,"_jetpack_memberships_contains_paid_content":false,"footnotes":"","jetpack_publicize_message":"","jetpack_publicize_feature_enabled":true,"jetpack_social_post_already_shared":true,"jetpack_social_options":{"image_generator_settings":{"template":"highway","enabled":false},"version":2}},"categories":[284,251],"tags":[8,7,32],"class_list":["post-8591","post","type-post","status-publish","format-standard","has-post-thumbnail","hentry","category-gobierno-de-guarico","category-webdealta","tag-altagraciadeorituco","tag-guarico","tag-webdealta",""],"jetpack_publicize_connections":[],"jetpack_featured_media_url":"https:\/\/webdealta.info\/wp-content\/uploads\/2024\/05\/zona-ee-webdealta.png","jetpack_sharing_enabled":true,"jetpack_likes_enabled":true,"jetpack-related-posts":[],"jetpack_shortlink":"https:\/\/wp.me\/pcseDn-2ez","_links":{"self":[{"href":"https:\/\/webdealta.info\/index.php?rest_route=\/wp\/v2\/posts\/8591","targetHints":{"allow":["GET"]}}],"collection":[{"href":"https:\/\/webdealta.info\/index.php?rest_route=\/wp\/v2\/posts"}],"about":[{"href":"https:\/\/webdealta.info\/index.php?rest_route=\/wp\/v2\/types\/post"}],"author":[{"embeddable":true,"href":"https:\/\/webdealta.info\/index.php?rest_route=\/wp\/v2\/users\/2"}],"replies":[{"embeddable":true,"href":"https:\/\/webdealta.info\/index.php?rest_route=%2Fwp%2Fv2%2Fcomments&post=8591"}],"version-history":[{"count":1,"href":"https:\/\/webdealta.info\/index.php?rest_route=\/wp\/v2\/posts\/8591\/revisions"}],"predecessor-version":[{"id":8593,"href":"https:\/\/webdealta.info\/index.php?rest_route=\/wp\/v2\/posts\/8591\/revisions\/8593"}],"wp:featuredmedia":[{"embeddable":true,"href":"https:\/\/webdealta.info\/index.php?rest_route=\/wp\/v2\/media\/8592"}],"wp:attachment":[{"href":"https:\/\/webdealta.info\/index.php?rest_route=%2Fwp%2Fv2%2Fmedia&parent=8591"}],"wp:term":[{"taxonomy":"category","embeddable":true,"href":"https:\/\/webdealta.info\/index.php?rest_route=%2Fwp%2Fv2%2Fcategories&post=8591"},{"taxonomy":"post_tag","embeddable":true,"href":"https:\/\/webdealta.info\/index.php?rest_route=%2Fwp%2Fv2%2Ftags&post=8591"}],"curies":[{"name":"wp","href":"https:\/\/api.w.org\/{rel}","templated":true}]}}