{"id":8587,"date":"2024-05-12T22:21:51","date_gmt":"2024-05-13T02:21:51","guid":{"rendered":"https:\/\/webdealta.info\/?p=8587"},"modified":"2024-05-12T22:21:53","modified_gmt":"2024-05-13T02:21:53","slug":"policlinica-del-llano-agasajo-a-enfermeras-del-orituco","status":"publish","type":"post","link":"https:\/\/webdealta.info\/?p=8587","title":{"rendered":"Policl\u00ednica del Llano agasaj\u00f3 a enfermeras del Orituco"},"content":{"rendered":"\n<p>Amanda Saldivia.-<\/p>\n\n\n\n<p>Teresita del Corral de Doumat, gerente de Servicios Generales, fue la anfitriona del agasajo que ofreci\u00f3 la Policl\u00ednica del Llano al personal de enfermer\u00eda del municipio Jos\u00e9 Tadeo Monagas, el pasado viernes 10 de mayo, como parte de la celebraci\u00f3n del D\u00eda Internacional de la Enfermer\u00eda.<\/p>\n\n\n\n<p>La actividad fue en los espacios de La Casona de la Policl\u00ednica, ubicada enla calle Bol\u00edvar de Altagracia de Orituco, donde destac\u00f3 la presencia de la Lcda. Carolina Carucho, coordinadora municipal de enfermer\u00eda de la ASIC, el Lcdo. Margarito Quintana, director del CDI y el Dr. Roberto Mar\u00edn, entre otros invitados especiales.<\/p>\n\n\n\n<p>M\u00e1s de 70 enfermeras, la mayor\u00eda de los ambulatorios rurales, disfrutaron del agasajo, donde se logr\u00f3 la integraci\u00f3n de los profesionales de la enfermer\u00eda que laboran en la administraci\u00f3n p\u00fablica y privada.<\/p>\n\n\n\n<p>@amandasaldivia  <\/p>\n\n\n\n<p><\/p>\n","protected":false},"excerpt":{"rendered":"<p>Amanda Saldivia.- Teresita del Corral de Doumat, gerente de Servicios Generales, fue la anfitriona del agasajo que ofreci\u00f3 la Policl\u00ednica del Llano al personal de enfermer\u00eda del municipio Jos\u00e9 Tadeo Monagas, el pasado viernes 10 de mayo, como parte de la celebraci\u00f3n del D\u00eda Internacional de la Enfermer\u00eda. La actividad<\/p>\n","protected":false},"author":2,"featured_media":8588,"comment_status":"open","ping_status":"open","sticky":false,"template":"","format":"standard","meta":{"advanced_seo_description":"","jetpack_seo_html_title":"","jetpack_seo_noindex":false,"_jetpack_memberships_contains_paid_content":false,"footnotes":"","jetpack_publicize_message":"","jetpack_publicize_feature_enabled":true,"jetpack_social_post_already_shared":true,"jetpack_social_options":{"image_generator_settings":{"template":"highway","enabled":false},"version":2}},"categories":[335,251],"tags":[8,7,32],"class_list":["post-8587","post","type-post","status-publish","format-standard","has-post-thumbnail","hentry","category-locales","category-webdealta","tag-altagraciadeorituco","tag-guarico","tag-webdealta",""],"jetpack_publicize_connections":[],"jetpack_featured_media_url":"https:\/\/webdealta.info\/wp-content\/uploads\/2024\/05\/agasajo-policvlinica-webdealta.png","jetpack_sharing_enabled":true,"jetpack_likes_enabled":true,"jetpack-related-posts":[],"jetpack_shortlink":"https:\/\/wp.me\/pcseDn-2ev","_links":{"self":[{"href":"https:\/\/webdealta.info\/index.php?rest_route=\/wp\/v2\/posts\/8587","targetHints":{"allow":["GET"]}}],"collection":[{"href":"https:\/\/webdealta.info\/index.php?rest_route=\/wp\/v2\/posts"}],"about":[{"href":"https:\/\/webdealta.info\/index.php?rest_route=\/wp\/v2\/types\/post"}],"author":[{"embeddable":true,"href":"https:\/\/webdealta.info\/index.php?rest_route=\/wp\/v2\/users\/2"}],"replies":[{"embeddable":true,"href":"https:\/\/webdealta.info\/index.php?rest_route=%2Fwp%2Fv2%2Fcomments&post=8587"}],"version-history":[{"count":1,"href":"https:\/\/webdealta.info\/index.php?rest_route=\/wp\/v2\/posts\/8587\/revisions"}],"predecessor-version":[{"id":8589,"href":"https:\/\/webdealta.info\/index.php?rest_route=\/wp\/v2\/posts\/8587\/revisions\/8589"}],"wp:featuredmedia":[{"embeddable":true,"href":"https:\/\/webdealta.info\/index.php?rest_route=\/wp\/v2\/media\/8588"}],"wp:attachment":[{"href":"https:\/\/webdealta.info\/index.php?rest_route=%2Fwp%2Fv2%2Fmedia&parent=8587"}],"wp:term":[{"taxonomy":"category","embeddable":true,"href":"https:\/\/webdealta.info\/index.php?rest_route=%2Fwp%2Fv2%2Fcategories&post=8587"},{"taxonomy":"post_tag","embeddable":true,"href":"https:\/\/webdealta.info\/index.php?rest_route=%2Fwp%2Fv2%2Ftags&post=8587"}],"curies":[{"name":"wp","href":"https:\/\/api.w.org\/{rel}","templated":true}]}}