{"id":8582,"date":"2024-05-09T22:48:57","date_gmt":"2024-05-10T02:48:57","guid":{"rendered":"https:\/\/webdealta.info\/?p=8582"},"modified":"2024-05-09T22:48:58","modified_gmt":"2024-05-10T02:48:58","slug":"caminata-para-celebrar-el-dia-de-la-enfermera","status":"publish","type":"post","link":"https:\/\/webdealta.info\/?p=8582","title":{"rendered":"Caminata para celebrar el D\u00eda de la Enfermera"},"content":{"rendered":"\n<p>Amanda Saldivia.-<\/p>\n\n\n\n<p><br>Hasta el cerro Lucena, donde est\u00e1 el monumento de la Beata Madre Candelaria de San Jos\u00e9, lleg\u00f3 la caminata del gremio de enfermer\u00eda de Altagracia de Orituco, que parti\u00f3 desde el hospital Dr. Jos\u00e9 Francisco Torrealba, en la ma\u00f1ana de este jueves 9 de mayo.<\/p>\n\n\n\n<p>La actividad est\u00e1 enmarcada en el D\u00eda de la Enfermera, efem\u00e9ride del sector salud que se celebra el pr\u00f3ximo domingo 12 de mayo. En Altagracia, comenz\u00f3 la programaci\u00f3n especial el pasado mi\u00e9rcoles con una jornada de atenci\u00f3n m\u00e9dica en el CDI de El Diamante, dirigida al personal de enfermer\u00eda; para proseguir el jueves con la caminata, en la cual particip\u00f3 la ASIC, hospital, Ipasme e INASS, entre otros.<\/p>\n\n\n\n<p>La Dra. Elsy Rodr\u00edguez, esposa del alcalde Pedro Sol\u00f3rzano, presidi\u00f3 la actividad acompa\u00f1ada por el Dr. Jos\u00e9 Rodr\u00edguez, director del hospital Dr. Jos\u00e9 Francisco Torrealba; el Lcdo. Margarito Quintana, ASIC; y la profesora Mar\u00eda Ortu\u00f1o, directora del Ipasme; adem\u00e1s de coordinadores del \u00e1rea de enfermer\u00eda.<\/p>\n\n\n\n<p>El pr\u00f3ximo lunes, 13 de mayo, ser\u00e1 la Misa de Acci\u00f3n de Gracias.  <\/p>\n\n\n\n<p>@amandasaldivia<\/p>\n\n\n\n<p><\/p>\n","protected":false},"excerpt":{"rendered":"<p>Amanda Saldivia.- Hasta el cerro Lucena, donde est\u00e1 el monumento de la Beata Madre Candelaria de San Jos\u00e9, lleg\u00f3 la caminata del gremio de enfermer\u00eda de Altagracia de Orituco, que parti\u00f3 desde el hospital Dr. Jos\u00e9 Francisco Torrealba, en la ma\u00f1ana de este jueves 9 de mayo. La actividad est\u00e1<\/p>\n","protected":false},"author":2,"featured_media":8583,"comment_status":"open","ping_status":"open","sticky":false,"template":"","format":"standard","meta":{"advanced_seo_description":"","jetpack_seo_html_title":"","jetpack_seo_noindex":false,"_jetpack_memberships_contains_paid_content":false,"footnotes":"","jetpack_publicize_message":"","jetpack_publicize_feature_enabled":true,"jetpack_social_post_already_shared":true,"jetpack_social_options":{"image_generator_settings":{"template":"highway","enabled":false},"version":2}},"categories":[335,251],"tags":[8,7,32],"class_list":["post-8582","post","type-post","status-publish","format-standard","has-post-thumbnail","hentry","category-locales","category-webdealta","tag-altagraciadeorituco","tag-guarico","tag-webdealta",""],"jetpack_publicize_connections":[],"jetpack_featured_media_url":"https:\/\/webdealta.info\/wp-content\/uploads\/2024\/05\/enfermeras-webdealta-2024.png","jetpack_sharing_enabled":true,"jetpack_likes_enabled":true,"jetpack-related-posts":[],"jetpack_shortlink":"https:\/\/wp.me\/pcseDn-2eq","_links":{"self":[{"href":"https:\/\/webdealta.info\/index.php?rest_route=\/wp\/v2\/posts\/8582","targetHints":{"allow":["GET"]}}],"collection":[{"href":"https:\/\/webdealta.info\/index.php?rest_route=\/wp\/v2\/posts"}],"about":[{"href":"https:\/\/webdealta.info\/index.php?rest_route=\/wp\/v2\/types\/post"}],"author":[{"embeddable":true,"href":"https:\/\/webdealta.info\/index.php?rest_route=\/wp\/v2\/users\/2"}],"replies":[{"embeddable":true,"href":"https:\/\/webdealta.info\/index.php?rest_route=%2Fwp%2Fv2%2Fcomments&post=8582"}],"version-history":[{"count":1,"href":"https:\/\/webdealta.info\/index.php?rest_route=\/wp\/v2\/posts\/8582\/revisions"}],"predecessor-version":[{"id":8584,"href":"https:\/\/webdealta.info\/index.php?rest_route=\/wp\/v2\/posts\/8582\/revisions\/8584"}],"wp:featuredmedia":[{"embeddable":true,"href":"https:\/\/webdealta.info\/index.php?rest_route=\/wp\/v2\/media\/8583"}],"wp:attachment":[{"href":"https:\/\/webdealta.info\/index.php?rest_route=%2Fwp%2Fv2%2Fmedia&parent=8582"}],"wp:term":[{"taxonomy":"category","embeddable":true,"href":"https:\/\/webdealta.info\/index.php?rest_route=%2Fwp%2Fv2%2Fcategories&post=8582"},{"taxonomy":"post_tag","embeddable":true,"href":"https:\/\/webdealta.info\/index.php?rest_route=%2Fwp%2Fv2%2Ftags&post=8582"}],"curies":[{"name":"wp","href":"https:\/\/api.w.org\/{rel}","templated":true}]}}