{"id":8570,"date":"2024-05-07T21:31:31","date_gmt":"2024-05-08T01:31:31","guid":{"rendered":"https:\/\/webdealta.info\/?p=8570"},"modified":"2024-05-07T21:31:33","modified_gmt":"2024-05-08T01:31:33","slug":"exposicion-en-la-funpmac-demostro-que-hay-talento-en-el-orituco","status":"publish","type":"post","link":"https:\/\/webdealta.info\/?p=8570","title":{"rendered":"Exposici\u00f3n en la FUNPMAC demostr\u00f3 que hay talento en el Orituco"},"content":{"rendered":"\n<p>Amanda Saldivia.-<\/p>\n\n\n\n<p>Con una exposici\u00f3n, culmin\u00f3 un nuevo ciclo de talleres en la fundaci\u00f3n Dr. Pedro Mar\u00eda Ar\u00e9valo Cede\u00f1o de Altagracia de Orituco, en la cual ni\u00f1os y adolescentes mostraron lo aprendido en las \u00e1reas de elaboraci\u00f3n de piezas de arcilla, caricatura, pintura y dibujo, con la t\u00e9cnica de carboncillo, entre otras.<\/p>\n\n\n\n<p>Alfredo D\u00b4Suze, arquitecto y presidente de la FUNPMAC, se\u00f1al\u00f3 que la exposici\u00f3n deja constancia del talento que hay en la poblaci\u00f3n y dijo sentirse \u201cbien orgulloso de estos participantes y de los facilitadores\u2026que son excelentes, much\u00edsimas gracias por creer en este proyecto que la fundaci\u00f3n ha implementado desde hace seis a\u00f1os y que queremos seguir ampliando en la gama de la l\u00ednea art\u00edstica\u201d.<\/p>\n\n\n\n<p>Sobre este punto, dijo que continuar\u00e1n con el siguiente nivel de los talleres, pero tambi\u00e9n ofrecer\u00e1n formaci\u00f3n en escultura y talla de madera, \u201cque hemos incursionado un poquito, pero no se ha desarrollado como esta, pero con esta muestra, ya tenemos suficiente para decir s\u00ed hay talento y podemos continuar\u201d.<\/p>\n\n\n\n<p>Es importante destacar, que en los pr\u00f3ximos d\u00edas se abrir\u00e1 un nuevo ciclo de talleres, adem\u00e1s de la celebraci\u00f3n de los 40 a\u00f1os de la biblioteca Adolfo Antonio Machado, cuya programaci\u00f3n festiva dar\u00e1n a conocer en el transcurso de la semana.<\/p>\n\n\n\n<p>@amandasaldivia  <\/p>\n\n\n\n<p> <\/p>\n\n\n\n<p><\/p>\n","protected":false},"excerpt":{"rendered":"<p>Amanda Saldivia.- Con una exposici\u00f3n, culmin\u00f3 un nuevo ciclo de talleres en la fundaci\u00f3n Dr. Pedro Mar\u00eda Ar\u00e9valo Cede\u00f1o de Altagracia de Orituco, en la cual ni\u00f1os y adolescentes mostraron lo aprendido en las \u00e1reas de elaboraci\u00f3n de piezas de arcilla, caricatura, pintura y dibujo, con la t\u00e9cnica de carboncillo,<\/p>\n","protected":false},"author":2,"featured_media":8571,"comment_status":"open","ping_status":"open","sticky":false,"template":"","format":"standard","meta":{"advanced_seo_description":"","jetpack_seo_html_title":"","jetpack_seo_noindex":false,"_jetpack_memberships_contains_paid_content":false,"footnotes":"","jetpack_publicize_message":"","jetpack_publicize_feature_enabled":true,"jetpack_social_post_already_shared":true,"jetpack_social_options":{"image_generator_settings":{"template":"highway","enabled":false},"version":2}},"categories":[335,251],"tags":[8,7,32],"class_list":["post-8570","post","type-post","status-publish","format-standard","has-post-thumbnail","hentry","category-locales","category-webdealta","tag-altagraciadeorituco","tag-guarico","tag-webdealta",""],"jetpack_publicize_connections":[],"jetpack_featured_media_url":"https:\/\/webdealta.info\/wp-content\/uploads\/2024\/05\/exposicion-funpmac.png","jetpack_sharing_enabled":true,"jetpack_likes_enabled":true,"jetpack-related-posts":[],"jetpack_shortlink":"https:\/\/wp.me\/pcseDn-2ee","_links":{"self":[{"href":"https:\/\/webdealta.info\/index.php?rest_route=\/wp\/v2\/posts\/8570","targetHints":{"allow":["GET"]}}],"collection":[{"href":"https:\/\/webdealta.info\/index.php?rest_route=\/wp\/v2\/posts"}],"about":[{"href":"https:\/\/webdealta.info\/index.php?rest_route=\/wp\/v2\/types\/post"}],"author":[{"embeddable":true,"href":"https:\/\/webdealta.info\/index.php?rest_route=\/wp\/v2\/users\/2"}],"replies":[{"embeddable":true,"href":"https:\/\/webdealta.info\/index.php?rest_route=%2Fwp%2Fv2%2Fcomments&post=8570"}],"version-history":[{"count":1,"href":"https:\/\/webdealta.info\/index.php?rest_route=\/wp\/v2\/posts\/8570\/revisions"}],"predecessor-version":[{"id":8572,"href":"https:\/\/webdealta.info\/index.php?rest_route=\/wp\/v2\/posts\/8570\/revisions\/8572"}],"wp:featuredmedia":[{"embeddable":true,"href":"https:\/\/webdealta.info\/index.php?rest_route=\/wp\/v2\/media\/8571"}],"wp:attachment":[{"href":"https:\/\/webdealta.info\/index.php?rest_route=%2Fwp%2Fv2%2Fmedia&parent=8570"}],"wp:term":[{"taxonomy":"category","embeddable":true,"href":"https:\/\/webdealta.info\/index.php?rest_route=%2Fwp%2Fv2%2Fcategories&post=8570"},{"taxonomy":"post_tag","embeddable":true,"href":"https:\/\/webdealta.info\/index.php?rest_route=%2Fwp%2Fv2%2Ftags&post=8570"}],"curies":[{"name":"wp","href":"https:\/\/api.w.org\/{rel}","templated":true}]}}