{"id":8550,"date":"2024-04-28T20:08:48","date_gmt":"2024-04-29T00:08:48","guid":{"rendered":"https:\/\/webdealta.info\/?p=8550"},"modified":"2024-04-28T20:08:50","modified_gmt":"2024-04-29T00:08:50","slug":"ciclistas-gracitanos-destacaron-en-reto-platillon-2024","status":"publish","type":"post","link":"https:\/\/webdealta.info\/?p=8550","title":{"rendered":"Ciclistas gracitanos destacaron en Reto Platill\u00f3n 2024"},"content":{"rendered":"\n<p>Amanda Saldivia.-<\/p>\n\n\n\n<p>Destacado fue el desempe\u00f1o de ciclistas gracitanos en el Reto Platill\u00f3n 2024, al lograr ubicarse en el segundo y tercer lugar de la categor\u00eda Sport, evento deportivo celebrado el pasado s\u00e1bado 27 de abril en San Juan de los Morros, con la participaci\u00f3n de m\u00e1s de 350 pedalistas del todo el pa\u00eds.<\/p>\n\n\n\n<p>Al podio subi\u00f3 con la camiseta del Club Aventura Bike de Altagracia de Orituco, Manuel Esteves (2do. Lugar) y Jos\u00e9 Antonio Boyer (3er. Lugar), ambos en la categor\u00eda Sport, con la satisfacci\u00f3n de haber representado al equipo gracitano y dejar en alto el gentilicio de esta regi\u00f3n del estado Gu\u00e1rico.<\/p>\n\n\n\n<p>La informaci\u00f3n y fotograf\u00edas fueron compartidas por Manuel Pinto, presidente del club Aventura Bike, as\u00ed como tambi\u00e9n por Carolina Rojas G\u00f3mez, otra de las pedalistas de esta organizaci\u00f3n deportiva.<\/p>\n\n\n\n<p>@amandasaldivia  <\/p>\n\n\n\n<p><\/p>\n","protected":false},"excerpt":{"rendered":"<p>Amanda Saldivia.- Destacado fue el desempe\u00f1o de ciclistas gracitanos en el Reto Platill\u00f3n 2024, al lograr ubicarse en el segundo y tercer lugar de la categor\u00eda Sport, evento deportivo celebrado el pasado s\u00e1bado 27 de abril en San Juan de los Morros, con la participaci\u00f3n de m\u00e1s de 350 pedalistas<\/p>\n","protected":false},"author":2,"featured_media":8551,"comment_status":"open","ping_status":"open","sticky":false,"template":"","format":"standard","meta":{"advanced_seo_description":"","jetpack_seo_html_title":"","jetpack_seo_noindex":false,"_jetpack_memberships_contains_paid_content":false,"footnotes":"","jetpack_publicize_message":"","jetpack_publicize_feature_enabled":true,"jetpack_social_post_already_shared":true,"jetpack_social_options":{"image_generator_settings":{"template":"highway","enabled":false},"version":2}},"categories":[111,251],"tags":[8,7,32],"class_list":["post-8550","post","type-post","status-publish","format-standard","has-post-thumbnail","hentry","category-deporte","category-webdealta","tag-altagraciadeorituco","tag-guarico","tag-webdealta",""],"jetpack_publicize_connections":[],"jetpack_featured_media_url":"https:\/\/webdealta.info\/wp-content\/uploads\/2024\/04\/ciclistas-webdealta.png","jetpack_sharing_enabled":true,"jetpack_likes_enabled":true,"jetpack-related-posts":[],"jetpack_shortlink":"https:\/\/wp.me\/pcseDn-2dU","_links":{"self":[{"href":"https:\/\/webdealta.info\/index.php?rest_route=\/wp\/v2\/posts\/8550","targetHints":{"allow":["GET"]}}],"collection":[{"href":"https:\/\/webdealta.info\/index.php?rest_route=\/wp\/v2\/posts"}],"about":[{"href":"https:\/\/webdealta.info\/index.php?rest_route=\/wp\/v2\/types\/post"}],"author":[{"embeddable":true,"href":"https:\/\/webdealta.info\/index.php?rest_route=\/wp\/v2\/users\/2"}],"replies":[{"embeddable":true,"href":"https:\/\/webdealta.info\/index.php?rest_route=%2Fwp%2Fv2%2Fcomments&post=8550"}],"version-history":[{"count":1,"href":"https:\/\/webdealta.info\/index.php?rest_route=\/wp\/v2\/posts\/8550\/revisions"}],"predecessor-version":[{"id":8552,"href":"https:\/\/webdealta.info\/index.php?rest_route=\/wp\/v2\/posts\/8550\/revisions\/8552"}],"wp:featuredmedia":[{"embeddable":true,"href":"https:\/\/webdealta.info\/index.php?rest_route=\/wp\/v2\/media\/8551"}],"wp:attachment":[{"href":"https:\/\/webdealta.info\/index.php?rest_route=%2Fwp%2Fv2%2Fmedia&parent=8550"}],"wp:term":[{"taxonomy":"category","embeddable":true,"href":"https:\/\/webdealta.info\/index.php?rest_route=%2Fwp%2Fv2%2Fcategories&post=8550"},{"taxonomy":"post_tag","embeddable":true,"href":"https:\/\/webdealta.info\/index.php?rest_route=%2Fwp%2Fv2%2Ftags&post=8550"}],"curies":[{"name":"wp","href":"https:\/\/api.w.org\/{rel}","templated":true}]}}