{"id":8546,"date":"2024-04-24T21:53:26","date_gmt":"2024-04-25T01:53:26","guid":{"rendered":"https:\/\/webdealta.info\/?p=8546"},"modified":"2024-04-24T21:53:34","modified_gmt":"2024-04-25T01:53:34","slug":"virtudes-de-la-madre-candelaria-estudiantes-realizaron-ruta-de-la-fe","status":"publish","type":"post","link":"https:\/\/webdealta.info\/?p=8546","title":{"rendered":"Virtudes de la Madre Candelaria: estudiantes realizaron Ruta de la Fe"},"content":{"rendered":"\n<p>Amanda Saldivia.-<\/p>\n\n\n\n<p>La Ruta de la Fe, en torno a las virtudes de la Madre Candelaria, fue parte de la programaci\u00f3n que llev\u00f3 a cabo el equipo Pastoral de la parroquia Nuestra Se\u00f1ora de Altagracia, con la participaci\u00f3n de estudiantes de tres planteles de esta localidad, quienes visitaron el templo, la gruta de Lourdes en el cerro Lucena y, por \u00faltimo, la casa donde vivi\u00f3 Susana Paz Castillo.<\/p>\n\n\n\n<p>Es importante destacar, que la actividad est\u00e1 enmarcada en los 20 a\u00f1os del decreto de las Virtudes Heroicas de la Madre Candelaria y los 16 de la beatificaci\u00f3n, acto que se celebr\u00f3 en el estadio universitario de Caracas el 27 de abril de 2008, y cuya proclamaci\u00f3n estuvo a cargo del cardenal Jos\u00e9 Saravia.<\/p>\n\n\n\n<p>En la Ruta de la Fe, que se realiz\u00f3 este mi\u00e9rcoles 24 de abril, participaron estudiantes del preescolar Pitoqu\u00edn, UEC Batalla de la Victoria y UEC Padre Juan de Barnuevo. La primera parada fue en el templo Nuestra Se\u00f1ora de Altagracia, donde Leonardo Lagazzi les explic\u00f3 que la pila bautismal es la misma en la cual fue bautizada Susana Paz Castillo hace 160 a\u00f1os.<\/p>\n\n\n\n<p>Despu\u00e9s, partieron a la Casa Hogar para conocer, por medio de la hermana Marianyelli, la labor que las hermanas Carmelitas cumplen; as\u00ed como tambi\u00e9n la gruta de Lourdes, sitio de oraci\u00f3n de la Madre Candelaria cuando laboraba en el hospital San Antonio, el cual estaba situado en la c\u00faspide del cerro Lucena.<\/p>\n\n\n\n<p>La \u00faltima parada fue en la casa donde vivi\u00f3 Susana Paz Castillo, ahora Beata Madre Candelaria de San Jos\u00e9, ubicada en la calle Juli\u00e1n Infante de Altagracia de Orituco. Ah\u00ed nuevamente Leonardo Lagazzi destac\u00f3 las virtudes que la llevaron rumbo a la Santidad, entre ellas la Justicia, porque \u201cdurante toda su vida puso en pr\u00e1ctica el sentido de la justicia, cumpliendo con sus obligaciones para con Dios, el pr\u00f3jimo y para con ella misma\u201d.<\/p>\n\n\n\n<p>Para el pr\u00f3ximo s\u00e1bado 27 de abril est\u00e1 prevista la eucarist\u00eda oficiada por monse\u00f1or Ricardo Barreto, obispo de la Di\u00f3cesis de Valle de la Pascua, quien realizar\u00e1 su primera visita al municipio Jos\u00e9 Tadeo Monagas en tan importante fecha, relacionada a la segunda Beata de Venezuela, quien naci\u00f3 en Altagracia de Orituco, el 11 de agosto de 1863, y recibi\u00f3 el sacramento del bautismo el 27 de febrero de 1864. <\/p>\n\n\n\n<p>@amandasaldivia <\/p>\n\n\n\n<p><\/p>\n","protected":false},"excerpt":{"rendered":"<p>Amanda Saldivia.- La Ruta de la Fe, en torno a las virtudes de la Madre Candelaria, fue parte de la programaci\u00f3n que llev\u00f3 a cabo el equipo Pastoral de la parroquia Nuestra Se\u00f1ora de Altagracia, con la participaci\u00f3n de estudiantes de tres planteles de esta localidad, quienes visitaron el templo,<\/p>\n","protected":false},"author":2,"featured_media":8547,"comment_status":"open","ping_status":"open","sticky":false,"template":"","format":"standard","meta":{"advanced_seo_description":"","jetpack_seo_html_title":"","jetpack_seo_noindex":false,"_jetpack_memberships_contains_paid_content":false,"footnotes":"","jetpack_publicize_message":"","jetpack_publicize_feature_enabled":true,"jetpack_social_post_already_shared":true,"jetpack_social_options":{"image_generator_settings":{"template":"highway","enabled":false},"version":2}},"categories":[42,251],"tags":[8,7,32],"class_list":["post-8546","post","type-post","status-publish","format-standard","has-post-thumbnail","hentry","category-iglesia-catolica","category-webdealta","tag-altagraciadeorituco","tag-guarico","tag-webdealta",""],"jetpack_publicize_connections":[],"jetpack_featured_media_url":"https:\/\/webdealta.info\/wp-content\/uploads\/2024\/04\/ruta-de-la-fe-webdealta.png","jetpack_sharing_enabled":true,"jetpack_likes_enabled":true,"jetpack-related-posts":[],"jetpack_shortlink":"https:\/\/wp.me\/pcseDn-2dQ","_links":{"self":[{"href":"https:\/\/webdealta.info\/index.php?rest_route=\/wp\/v2\/posts\/8546","targetHints":{"allow":["GET"]}}],"collection":[{"href":"https:\/\/webdealta.info\/index.php?rest_route=\/wp\/v2\/posts"}],"about":[{"href":"https:\/\/webdealta.info\/index.php?rest_route=\/wp\/v2\/types\/post"}],"author":[{"embeddable":true,"href":"https:\/\/webdealta.info\/index.php?rest_route=\/wp\/v2\/users\/2"}],"replies":[{"embeddable":true,"href":"https:\/\/webdealta.info\/index.php?rest_route=%2Fwp%2Fv2%2Fcomments&post=8546"}],"version-history":[{"count":1,"href":"https:\/\/webdealta.info\/index.php?rest_route=\/wp\/v2\/posts\/8546\/revisions"}],"predecessor-version":[{"id":8548,"href":"https:\/\/webdealta.info\/index.php?rest_route=\/wp\/v2\/posts\/8546\/revisions\/8548"}],"wp:featuredmedia":[{"embeddable":true,"href":"https:\/\/webdealta.info\/index.php?rest_route=\/wp\/v2\/media\/8547"}],"wp:attachment":[{"href":"https:\/\/webdealta.info\/index.php?rest_route=%2Fwp%2Fv2%2Fmedia&parent=8546"}],"wp:term":[{"taxonomy":"category","embeddable":true,"href":"https:\/\/webdealta.info\/index.php?rest_route=%2Fwp%2Fv2%2Fcategories&post=8546"},{"taxonomy":"post_tag","embeddable":true,"href":"https:\/\/webdealta.info\/index.php?rest_route=%2Fwp%2Fv2%2Ftags&post=8546"}],"curies":[{"name":"wp","href":"https:\/\/api.w.org\/{rel}","templated":true}]}}