{"id":8530,"date":"2024-04-22T21:24:29","date_gmt":"2024-04-23T01:24:29","guid":{"rendered":"https:\/\/webdealta.info\/?p=8530"},"modified":"2024-04-22T21:24:30","modified_gmt":"2024-04-23T01:24:30","slug":"iaveg-inspecciona-danos-causados-por-lluvias-y-vientos-en-tamanaco","status":"publish","type":"post","link":"https:\/\/webdealta.info\/?p=8530","title":{"rendered":"IAVEG inspecciona da\u00f1os causados por lluvias y vientos en Tamanaco"},"content":{"rendered":"\n<p>Amanda Saldivia.-<\/p>\n\n\n\n<p>Este lunes lleg\u00f3 una comisi\u00f3n t\u00e9cnica del Instituto Aut\u00f3nomo de H\u00e1bitat y Vivienda de Gu\u00e1rico (IAVEG), al municipio Jos\u00e9 Tadeo Monagas, a los fines de inspeccionar los da\u00f1os que causaron las lluvias, acompa\u00f1adas por r\u00e1fagas de viento, a viviendas de San Antonio de Tamanaco, caser\u00edo que pertenece a la parroquia Paso Real de Macaira.<\/p>\n\n\n\n<p>En ese sentido, el profesor Gabriel Mart\u00ednez, Autoridad \u00danica en materia de vivienda del estado Gu\u00e1rico, dijo que la instrucci\u00f3n la dio el gobernador Jos\u00e9 V\u00e1squez durante el desarrollo del \u00d3rgano Superior Nacional de Vivienda Nro. 12, que se celebr\u00f3 el pasado viernes 19 de abril en Calabozo, con la presencia del ministro Ildemaro Villarroel.<\/p>\n\n\n\n<p>Por tal motivo, \u201cse despleg\u00f3 en ese territorio el equipo del IAVEG con el fin de diagnosticar las necesidades y ejecutar de inmediato el respaldo en materia de sustituci\u00f3n de techos y construcci\u00f3n de nuevas viviendas\u201d, especific\u00f3 Mart\u00ednez en el contacto con el programa Tiempo de Cambios por Activa 104.9 FM, canalizado por el periodista Luis Blanco.<\/p>\n\n\n\n<p>En el enlace, la Autoridad \u00danica de Vivienda, precis\u00f3 que se evaluaron otros urbanismos del estado Gu\u00e1rico que ser\u00e1n reactivados, entre ellos darle continuidad a la Villa Iberoamericana, urbanizaci\u00f3n ubicada en Altagracia de Orituco.<\/p>\n\n\n\n<p>@amandasaldivia <\/p>\n\n\n\n<p><\/p>\n","protected":false},"excerpt":{"rendered":"<p>Amanda Saldivia.- Este lunes lleg\u00f3 una comisi\u00f3n t\u00e9cnica del Instituto Aut\u00f3nomo de H\u00e1bitat y Vivienda de Gu\u00e1rico (IAVEG), al municipio Jos\u00e9 Tadeo Monagas, a los fines de inspeccionar los da\u00f1os que causaron las lluvias, acompa\u00f1adas por r\u00e1fagas de viento, a viviendas de San Antonio de Tamanaco, caser\u00edo que pertenece a<\/p>\n","protected":false},"author":2,"featured_media":8531,"comment_status":"open","ping_status":"open","sticky":false,"template":"","format":"standard","meta":{"advanced_seo_description":"","jetpack_seo_html_title":"","jetpack_seo_noindex":false,"_jetpack_memberships_contains_paid_content":false,"footnotes":"","jetpack_publicize_message":"","jetpack_publicize_feature_enabled":true,"jetpack_social_post_already_shared":true,"jetpack_social_options":{"image_generator_settings":{"template":"highway","enabled":false},"version":2}},"categories":[54,251],"tags":[8,7,32],"class_list":["post-8530","post","type-post","status-publish","format-standard","has-post-thumbnail","hentry","category-lluvias","category-webdealta","tag-altagraciadeorituco","tag-guarico","tag-webdealta",""],"jetpack_publicize_connections":[],"jetpack_featured_media_url":"https:\/\/webdealta.info\/wp-content\/uploads\/2024\/04\/iaveg-webdealta-martinez.png","jetpack_sharing_enabled":true,"jetpack_likes_enabled":true,"jetpack-related-posts":[],"jetpack_shortlink":"https:\/\/wp.me\/pcseDn-2dA","_links":{"self":[{"href":"https:\/\/webdealta.info\/index.php?rest_route=\/wp\/v2\/posts\/8530","targetHints":{"allow":["GET"]}}],"collection":[{"href":"https:\/\/webdealta.info\/index.php?rest_route=\/wp\/v2\/posts"}],"about":[{"href":"https:\/\/webdealta.info\/index.php?rest_route=\/wp\/v2\/types\/post"}],"author":[{"embeddable":true,"href":"https:\/\/webdealta.info\/index.php?rest_route=\/wp\/v2\/users\/2"}],"replies":[{"embeddable":true,"href":"https:\/\/webdealta.info\/index.php?rest_route=%2Fwp%2Fv2%2Fcomments&post=8530"}],"version-history":[{"count":1,"href":"https:\/\/webdealta.info\/index.php?rest_route=\/wp\/v2\/posts\/8530\/revisions"}],"predecessor-version":[{"id":8532,"href":"https:\/\/webdealta.info\/index.php?rest_route=\/wp\/v2\/posts\/8530\/revisions\/8532"}],"wp:featuredmedia":[{"embeddable":true,"href":"https:\/\/webdealta.info\/index.php?rest_route=\/wp\/v2\/media\/8531"}],"wp:attachment":[{"href":"https:\/\/webdealta.info\/index.php?rest_route=%2Fwp%2Fv2%2Fmedia&parent=8530"}],"wp:term":[{"taxonomy":"category","embeddable":true,"href":"https:\/\/webdealta.info\/index.php?rest_route=%2Fwp%2Fv2%2Fcategories&post=8530"},{"taxonomy":"post_tag","embeddable":true,"href":"https:\/\/webdealta.info\/index.php?rest_route=%2Fwp%2Fv2%2Ftags&post=8530"}],"curies":[{"name":"wp","href":"https:\/\/api.w.org\/{rel}","templated":true}]}}