{"id":8506,"date":"2024-04-15T20:42:01","date_gmt":"2024-04-16T00:42:01","guid":{"rendered":"https:\/\/webdealta.info\/?p=8506"},"modified":"2024-04-15T20:42:41","modified_gmt":"2024-04-16T00:42:41","slug":"troncal-11-peligran-usuarios-y-fibra-optica-de-cantv","status":"publish","type":"post","link":"https:\/\/webdealta.info\/?p=8506","title":{"rendered":"Troncal 11: peligran usuarios y fibra \u00f3ptica de CANTV"},"content":{"rendered":"\n<p>Amanda Saldivia.-<\/p>\n\n\n\n<p>En los \u00faltimos d\u00edas, ciudadanos han observado como personal de CANTV hace esfuerzos para que no se corte la fibra \u00f3ptica que qued\u00f3 al descubierto desde agosto de 2023, cuando parte de la troncal 11 cedi\u00f3, en el tramo entre puente Memo y la entrada de Tuira, parroquia San Rafael de Orituco, municipio Jos\u00e9 Tadeo Monagas, Gu\u00e1rico.<\/p>\n\n\n\n<p>El primer reporte sobre el peligro que representa para quienes por all\u00ed transitan, adem\u00e1s del riesgo de corte de la fibra \u00f3ptica, lo hizo la Web de Altagracia el 15 de agosto de 2023, sin que hasta el momento se conozca de una inversi\u00f3n concreta para corregir esa falla de borde.<\/p>\n\n\n\n<p>En las \u00faltimas semanas, ciudadanos que circulan por esa arteria vial han reportado que observaron a t\u00e9cnicos de CANTV en labores de instalaci\u00f3n de postes para elevar la fibra \u00f3ptica, porque el corte de ese ramal dejar\u00eda incomunicado a varios estados del pa\u00eds.<\/p>\n\n\n\n<p>@amandasaldivia<\/p>\n\n\n\n<p>  <\/p>\n\n\n\n<p><\/p>\n","protected":false},"excerpt":{"rendered":"<p>Amanda Saldivia.- En los \u00faltimos d\u00edas, ciudadanos han observado como personal de CANTV hace esfuerzos para que no se corte la fibra \u00f3ptica que qued\u00f3 al descubierto desde agosto de 2023, cuando parte de la troncal 11 cedi\u00f3, en el tramo entre puente Memo y la entrada de Tuira, parroquia<\/p>\n","protected":false},"author":2,"featured_media":8507,"comment_status":"open","ping_status":"open","sticky":false,"template":"","format":"standard","meta":{"advanced_seo_description":"","jetpack_seo_html_title":"","jetpack_seo_noindex":false,"_jetpack_memberships_contains_paid_content":false,"footnotes":"","jetpack_publicize_message":"","jetpack_publicize_feature_enabled":true,"jetpack_social_post_already_shared":true,"jetpack_social_options":{"image_generator_settings":{"template":"highway","enabled":false},"version":2}},"categories":[16,251],"tags":[8,7,32],"class_list":["post-8506","post","type-post","status-publish","format-standard","has-post-thumbnail","hentry","category-vialidad","category-webdealta","tag-altagraciadeorituco","tag-guarico","tag-webdealta",""],"jetpack_publicize_connections":[],"jetpack_featured_media_url":"https:\/\/webdealta.info\/wp-content\/uploads\/2024\/04\/fibra-webdealta-optica-troncal-11.png","jetpack_sharing_enabled":true,"jetpack_likes_enabled":true,"jetpack-related-posts":[],"jetpack_shortlink":"https:\/\/wp.me\/pcseDn-2dc","_links":{"self":[{"href":"https:\/\/webdealta.info\/index.php?rest_route=\/wp\/v2\/posts\/8506","targetHints":{"allow":["GET"]}}],"collection":[{"href":"https:\/\/webdealta.info\/index.php?rest_route=\/wp\/v2\/posts"}],"about":[{"href":"https:\/\/webdealta.info\/index.php?rest_route=\/wp\/v2\/types\/post"}],"author":[{"embeddable":true,"href":"https:\/\/webdealta.info\/index.php?rest_route=\/wp\/v2\/users\/2"}],"replies":[{"embeddable":true,"href":"https:\/\/webdealta.info\/index.php?rest_route=%2Fwp%2Fv2%2Fcomments&post=8506"}],"version-history":[{"count":1,"href":"https:\/\/webdealta.info\/index.php?rest_route=\/wp\/v2\/posts\/8506\/revisions"}],"predecessor-version":[{"id":8508,"href":"https:\/\/webdealta.info\/index.php?rest_route=\/wp\/v2\/posts\/8506\/revisions\/8508"}],"wp:featuredmedia":[{"embeddable":true,"href":"https:\/\/webdealta.info\/index.php?rest_route=\/wp\/v2\/media\/8507"}],"wp:attachment":[{"href":"https:\/\/webdealta.info\/index.php?rest_route=%2Fwp%2Fv2%2Fmedia&parent=8506"}],"wp:term":[{"taxonomy":"category","embeddable":true,"href":"https:\/\/webdealta.info\/index.php?rest_route=%2Fwp%2Fv2%2Fcategories&post=8506"},{"taxonomy":"post_tag","embeddable":true,"href":"https:\/\/webdealta.info\/index.php?rest_route=%2Fwp%2Fv2%2Ftags&post=8506"}],"curies":[{"name":"wp","href":"https:\/\/api.w.org\/{rel}","templated":true}]}}