{"id":8489,"date":"2024-04-10T20:35:48","date_gmt":"2024-04-11T00:35:48","guid":{"rendered":"https:\/\/webdealta.info\/?p=8489"},"modified":"2024-04-10T20:35:59","modified_gmt":"2024-04-11T00:35:59","slug":"mp-sera-el-encargado-de-explicar-que-afecto-a-22-estudiantes-de-la-unerg","status":"publish","type":"post","link":"https:\/\/webdealta.info\/?p=8489","title":{"rendered":"MP ser\u00e1 el encargado de explicar qu\u00e9 afect\u00f3 a 22 estudiantes de la UNERG"},"content":{"rendered":"\n<p>Amanda Saldivia.-<\/p>\n\n\n\n<p>El Dr. C\u00e9sar G\u00f3mez, rector de la Universidad R\u00f3mulo Gallegos, ofreci\u00f3 una rueda de prensa este mi\u00e9rcoles 10 de abril, en la cual dijo que no se ha determinado cu\u00e1l fue la causa del cuadro de cefalea, mareos, v\u00f3mitos y dificultades para respirar que afect\u00f3 a 22 estudiantes de medicina, hecho registrado en horas de la tarde del pasado viernes.<\/p>\n\n\n\n<p>\u201cNo puedo profundizar m\u00e1s pues se est\u00e1n haciendo investigaciones. Pudiera tratarse de una\u00a0mano peluda.\u00a0Ser\u00e1 el Ministerio P\u00fablico quien dir\u00e1 las causas de lo ocurrido. Presumimos que pudiera haber personas interesadas en\u00a0desestabilizar la Unerg\u201d, asever\u00f3 el rector.<\/p>\n\n\n\n<p>Entre los asistentes estuvo el periodista Orlando Medina de El Tubazo Digital, medio que relat\u00f3 los aspectos resaltantes de la rueda de prensa, donde el rector ofreci\u00f3 un balance de los trabajos que vienen realizando en esa casa de estudios universitarios, antes de abordar el punto de lo ocurrido.<\/p>\n\n\n\n<p>El rector cuestion\u00f3 la utilizaci\u00f3n del t\u00e9rmico \u201cintoxicaci\u00f3n\u201d que emplearon algunos medios de comunicaci\u00f3n social, porque para \u00e9l solo fueron \u201cafecciones de salud\u201d. Igualmente, enfatiz\u00f3 que las investigaciones las lidera el Ministerio P\u00fablico, conjuntamente con el CICPC y profesionales del \u00e1rea de la salud, a los fines de determinar el origen, seg\u00fan lo rese\u00f1a ese medio regional.<\/p>\n\n\n\n<p>Sobre las acciones a seguir, dijo que har\u00e1n una revisi\u00f3n de los locales comerciales que expenden alimentos, as\u00ed como tambi\u00e9n fortalecer\u00e1n el servicio m\u00e9dico y no descart\u00f3 que el hecho tenga relaci\u00f3n con \u201cpolitiqueros\u201d o sectores que quieren desestabilizar a la universidad.<\/p>\n\n\n\n<p>Asimismo, agreg\u00f3 que \u201ctenemos detectadas a dos personas, uno de ellos es&nbsp;profesor. Se dijo en redes que no hab\u00eda clases, pues, seg\u00fan estos, hab\u00edan fallecido dos personas. Han escrito barbaridades. Quienes han mentido deber\u00e1n dar la cara por lo dicho\u201d.<\/p>\n\n\n\n<p>Otro de los datos aportados por el rector fue que en total fueron 65 estudiantes de la secci\u00f3n de segundo a\u00f1o de medicina los trasladados al hospital Ranuarez Balza, pero solo 22 presentaron s\u00edntomas, todos atendidos oportunamente y dados de alta.<\/p>\n\n\n\n<p>@amandasaldivia  <\/p>\n\n\n\n<p><\/p>\n","protected":false},"excerpt":{"rendered":"<p>Amanda Saldivia.- El Dr. C\u00e9sar G\u00f3mez, rector de la Universidad R\u00f3mulo Gallegos, ofreci\u00f3 una rueda de prensa este mi\u00e9rcoles 10 de abril, en la cual dijo que no se ha determinado cu\u00e1l fue la causa del cuadro de cefalea, mareos, v\u00f3mitos y dificultades para respirar que afect\u00f3 a 22 estudiantes<\/p>\n","protected":false},"author":2,"featured_media":8490,"comment_status":"open","ping_status":"open","sticky":false,"template":"","format":"standard","meta":{"advanced_seo_description":"","jetpack_seo_html_title":"","jetpack_seo_noindex":false,"_jetpack_memberships_contains_paid_content":false,"footnotes":"","jetpack_publicize_message":"","jetpack_publicize_feature_enabled":true,"jetpack_social_post_already_shared":true,"jetpack_social_options":{"image_generator_settings":{"template":"highway","enabled":false},"version":2}},"categories":[66,251],"tags":[8,7,32],"class_list":["post-8489","post","type-post","status-publish","format-standard","has-post-thumbnail","hentry","category-regionales","category-webdealta","tag-altagraciadeorituco","tag-guarico","tag-webdealta",""],"jetpack_publicize_connections":[],"jetpack_featured_media_url":"https:\/\/webdealta.info\/wp-content\/uploads\/2024\/04\/rector-unerg-webdealta.png","jetpack_sharing_enabled":true,"jetpack_likes_enabled":true,"jetpack-related-posts":[],"jetpack_shortlink":"https:\/\/wp.me\/pcseDn-2cV","_links":{"self":[{"href":"https:\/\/webdealta.info\/index.php?rest_route=\/wp\/v2\/posts\/8489","targetHints":{"allow":["GET"]}}],"collection":[{"href":"https:\/\/webdealta.info\/index.php?rest_route=\/wp\/v2\/posts"}],"about":[{"href":"https:\/\/webdealta.info\/index.php?rest_route=\/wp\/v2\/types\/post"}],"author":[{"embeddable":true,"href":"https:\/\/webdealta.info\/index.php?rest_route=\/wp\/v2\/users\/2"}],"replies":[{"embeddable":true,"href":"https:\/\/webdealta.info\/index.php?rest_route=%2Fwp%2Fv2%2Fcomments&post=8489"}],"version-history":[{"count":1,"href":"https:\/\/webdealta.info\/index.php?rest_route=\/wp\/v2\/posts\/8489\/revisions"}],"predecessor-version":[{"id":8491,"href":"https:\/\/webdealta.info\/index.php?rest_route=\/wp\/v2\/posts\/8489\/revisions\/8491"}],"wp:featuredmedia":[{"embeddable":true,"href":"https:\/\/webdealta.info\/index.php?rest_route=\/wp\/v2\/media\/8490"}],"wp:attachment":[{"href":"https:\/\/webdealta.info\/index.php?rest_route=%2Fwp%2Fv2%2Fmedia&parent=8489"}],"wp:term":[{"taxonomy":"category","embeddable":true,"href":"https:\/\/webdealta.info\/index.php?rest_route=%2Fwp%2Fv2%2Fcategories&post=8489"},{"taxonomy":"post_tag","embeddable":true,"href":"https:\/\/webdealta.info\/index.php?rest_route=%2Fwp%2Fv2%2Ftags&post=8489"}],"curies":[{"name":"wp","href":"https:\/\/api.w.org\/{rel}","templated":true}]}}