{"id":8480,"date":"2024-04-09T20:30:24","date_gmt":"2024-04-10T00:30:24","guid":{"rendered":"https:\/\/webdealta.info\/?p=8480"},"modified":"2024-04-09T20:31:47","modified_gmt":"2024-04-10T00:31:47","slug":"imagen-de-san-jose-obrero-recorrera-21-sectores-de-la-parroquia","status":"publish","type":"post","link":"https:\/\/webdealta.info\/?p=8480","title":{"rendered":"Imagen de San Jos\u00e9 Obrero recorrer\u00e1 21 sectores de la parroquia"},"content":{"rendered":"\n<p>Amanda Saldivia.-<\/p>\n\n\n\n<p>En la escuela Sim\u00f3n Rodr\u00edguez de Brisas del Pe\u00f1\u00f3n inicia, este mi\u00e9rcoles 10 de abril, la festividad en honor a San Jos\u00e9 Obrero, la cual incluye el recorrido patronal por los 21 sectores de Altagracia de Orituco que integran esa parroquia eclesi\u00e1stica, actividad que culminar\u00e1 el 29 de este mes, para posteriormente celebrar los actos centrales el primero de mayo.<\/p>\n\n\n\n<p>As\u00ed lo dio a conocer el padre Luis M\u00e1rquez, p\u00e1rroco de San Jos\u00e9 Obrero, en el programa Tiempo de Cambios de este martes 9 de abril, espacio que se transmite por la emisora Activa 104.9 FM de Altagracia de Orituco, al cual asisti\u00f3 acompa\u00f1ado por Andy Laya, presidente de la festividad y coordinador de la pastoral.<\/p>\n\n\n\n<p>Para el padre Luis M\u00e1rquez difundir la programaci\u00f3n que tendr\u00e1n en las pr\u00f3ximas semanas es relevante, para hacerle frente a la desinformaci\u00f3n y que cada miembro de la comunidad conozca qu\u00e9 sectores visitar\u00e1n, para que se unan en la oraci\u00f3n, especialmente los trabajadores.<\/p>\n\n\n\n<p>Por su parte, Andy Laya, destac\u00f3 que el lema de este a\u00f1o 2024 es \u201cUnamos nuestras manos y nuestro coraz\u00f3n, perseverando en el trabajo, fortaleci\u00e9ndonos en la oraci\u00f3n\u201d y ese ser\u00e1 el mensaje que desarrollar\u00e1n en el recorrido que inician este mi\u00e9rcoles 10 y que se prolongar\u00e1 hasta el 29 de abril.<\/p>\n\n\n\n<p>A continuaci\u00f3n, el recorrido patronal:<\/p>\n\n\n\n<ul class=\"wp-block-list\">\n<li>Mi\u00e9rcoles 10\/04: Ma\u00f1ana E.B. Sim\u00f3n Rodr\u00edguez\/Tarde: sector Brisas del Pe\u00f1\u00f3n y Uni\u00f3n<\/li>\n\n\n\n<li>Jueves 11\/04: Tarde: sector Brisas del Orituco<\/li>\n\n\n\n<li>Viernes 12\/04: Tarde: sector Colinas del Orituco<\/li>\n\n\n\n<li>S\u00e1bado13\/04: Tarde: sector Las Mayitas<\/li>\n\n\n\n<li>Domingo 14\/04: Tarde: sector La Planta\/ C\u00e1mara de Comercio<\/li>\n\n\n\n<li>Lunes 15\/04: Ma\u00f1ana: C.D.I. Pedro Felipe Ledezma Tarde: sector Brisas del Estadio<\/li>\n\n\n\n<li>Martes 16\/04: Ma\u00f1ana: U.E. Ram\u00f3n Buenahora\/Tarde: sector Brisas del Este<\/li>\n\n\n\n<li>Mi\u00e9rcoles 17\/04: Ma\u00f1ana: U.E. Nuestra Se\u00f1ora de Altagracia\/ Tarde: sector Banco Obrero<\/li>\n\n\n\n<li>Jueves 18\/04: Ma\u00f1ana: E.B.B Orituco \/ J.I.B. Orituco\/ Tarde: sector Tricentenario II<\/li>\n\n\n\n<li>Viernes 19\/04: Tarde: sector Tricentenario III<\/li>\n\n\n\n<li>S\u00e1bado 20\/04: Tarde: Tricentenario IV<\/li>\n\n\n\n<li>Domingo 21\/04: Tarde: sector Vista Alegre<\/li>\n\n\n\n<li>Lunes 22\/04: Ma\u00f1ana: Base de Misiones \u00abLa Mano de Dios\u00bb\/Tarde: sector San Jos\u00e9<\/li>\n\n\n\n<li>Martes 23\/04: Ma\u00f1ana: J.I Altagracia \/ Poligu\u00e1rico \/ Tarde: Tricentenario I<\/li>\n\n\n\n<li>Mi\u00e9rcoles 24\/04: Ma\u00f1ana: Cuerpo de Bomberos \/ E.B. Jos\u00e9 Tadeo Monagas \/Tarde:_ sector San Carlos<\/li>\n\n\n\n<li>Jueves 25\/04: Ma\u00f1ana: PDVSA \/ U.E. Jos\u00e9 Fco. Torrealba \/Tarde:_sector Sim\u00f3n Bol\u00edvar Viernes<\/li>\n\n\n\n<li>26\/04: Ma\u00f1ana: E.B.E. Madre Candelaria (La Cuman\u00e1), JI Madre Candelaria (La Cuman\u00e1) \/ IPASME \/Tarde: sector La Cuman\u00e1.<\/li>\n\n\n\n<li>S\u00e1bado 27\/04: Ma\u00f1ana: Corpoelec\/Tarde: sector Centro<\/li>\n\n\n\n<li>Domingo 28\/04: Ma\u00f1ana: SENIAT \/ Tarde: sector Los Guires<\/li>\n\n\n\n<li>Lunes 29\/04: Ma\u00f1ana: Hospital Dr. Jos\u00e9 Fco. Torrealba \/Tarde: sector Pueblo Nuevo<\/li>\n<\/ul>\n","protected":false},"excerpt":{"rendered":"<p>Amanda Saldivia.- En la escuela Sim\u00f3n Rodr\u00edguez de Brisas del Pe\u00f1\u00f3n inicia, este mi\u00e9rcoles 10 de abril, la festividad en honor a San Jos\u00e9 Obrero, la cual incluye el recorrido patronal por los 21 sectores de Altagracia de Orituco que integran esa parroquia eclesi\u00e1stica, actividad que culminar\u00e1 el 29 de<\/p>\n","protected":false},"author":2,"featured_media":8481,"comment_status":"open","ping_status":"open","sticky":false,"template":"","format":"standard","meta":{"advanced_seo_description":"","jetpack_seo_html_title":"","jetpack_seo_noindex":false,"_jetpack_memberships_contains_paid_content":false,"footnotes":"","jetpack_publicize_message":"","jetpack_publicize_feature_enabled":true,"jetpack_social_post_already_shared":true,"jetpack_social_options":{"image_generator_settings":{"template":"highway","enabled":false},"version":2}},"categories":[42,251],"tags":[8,7,32],"class_list":["post-8480","post","type-post","status-publish","format-standard","has-post-thumbnail","hentry","category-iglesia-catolica","category-webdealta","tag-altagraciadeorituco","tag-guarico","tag-webdealta",""],"jetpack_publicize_connections":[],"jetpack_featured_media_url":"https:\/\/webdealta.info\/wp-content\/uploads\/2024\/04\/san-jose-padre-webdealta.png","jetpack_sharing_enabled":true,"jetpack_likes_enabled":true,"jetpack-related-posts":[],"jetpack_shortlink":"https:\/\/wp.me\/pcseDn-2cM","_links":{"self":[{"href":"https:\/\/webdealta.info\/index.php?rest_route=\/wp\/v2\/posts\/8480","targetHints":{"allow":["GET"]}}],"collection":[{"href":"https:\/\/webdealta.info\/index.php?rest_route=\/wp\/v2\/posts"}],"about":[{"href":"https:\/\/webdealta.info\/index.php?rest_route=\/wp\/v2\/types\/post"}],"author":[{"embeddable":true,"href":"https:\/\/webdealta.info\/index.php?rest_route=\/wp\/v2\/users\/2"}],"replies":[{"embeddable":true,"href":"https:\/\/webdealta.info\/index.php?rest_route=%2Fwp%2Fv2%2Fcomments&post=8480"}],"version-history":[{"count":2,"href":"https:\/\/webdealta.info\/index.php?rest_route=\/wp\/v2\/posts\/8480\/revisions"}],"predecessor-version":[{"id":8483,"href":"https:\/\/webdealta.info\/index.php?rest_route=\/wp\/v2\/posts\/8480\/revisions\/8483"}],"wp:featuredmedia":[{"embeddable":true,"href":"https:\/\/webdealta.info\/index.php?rest_route=\/wp\/v2\/media\/8481"}],"wp:attachment":[{"href":"https:\/\/webdealta.info\/index.php?rest_route=%2Fwp%2Fv2%2Fmedia&parent=8480"}],"wp:term":[{"taxonomy":"category","embeddable":true,"href":"https:\/\/webdealta.info\/index.php?rest_route=%2Fwp%2Fv2%2Fcategories&post=8480"},{"taxonomy":"post_tag","embeddable":true,"href":"https:\/\/webdealta.info\/index.php?rest_route=%2Fwp%2Fv2%2Ftags&post=8480"}],"curies":[{"name":"wp","href":"https:\/\/api.w.org\/{rel}","templated":true}]}}