{"id":848,"date":"2020-11-25T14:29:20","date_gmt":"2020-11-25T18:29:20","guid":{"rendered":"https:\/\/webdealta.info\/?p=848"},"modified":"2020-11-25T14:29:21","modified_gmt":"2020-11-25T18:29:21","slug":"pasaje-dolarizado","status":"publish","type":"post","link":"https:\/\/webdealta.info\/?p=848","title":{"rendered":"Pasaje dolarizado"},"content":{"rendered":"\n<h4 class=\"wp-block-heading\">Vecinos de Paso Real de Macaira reportan que el pasaje ahora cuesta un d\u00f3lar<\/h4>\n\n\n\n<p>Amanda Saldivia<\/p>\n\n\n\n<p>En un d\u00f3lar fue fijado hoy el pasaje para trasladarse desde Paso Real de Macaira hasta Altagracia de Orituco, capital del municipio Monagas, estado Gu\u00e1rico, raz\u00f3n por la cual algunos usuarios del transporte colectivo decidieron no salir de ese poblado ante el impacto del aumento.<\/p>\n\n\n\n<p>El reporte lo hizo Argeli Rodr\u00edguez, habitante de la zona, quien explic\u00f3 que en la ma\u00f1ana de este mi\u00e9rcoles pas\u00f3 de 450 mil bol\u00edvares a costar un d\u00f3lar, es decir 958 mil bol\u00edvares, para trasladarse desde Paso Real a Altagracia, una distancia de aproximadamente 25 kil\u00f3metros. &nbsp;<\/p>\n\n\n\n<p>Argeli Rodr\u00edguez expres\u00f3 inquietud por el aumento, porque lo considera exagerado y adem\u00e1s no se da al usuario la opci\u00f3n de pago por transferencia o por punto de venta, sino bol\u00edvares en efectivo, en d\u00f3lares o en productos alimenticios que los transportistas especifican.<\/p>\n\n\n\n<p>Considera que cada vez es m\u00e1s dif\u00edcil la situaci\u00f3n de los habitantes de esa parroquia, porque los servicios p\u00fablicos son precarios, entre ellos apagones constantes y ahora con m\u00e1s dificultad para la movilidad ciudadana, dado el incremento del pasaje y la realidad econ\u00f3mica de los habitantes de esa poblaci\u00f3n, la mayor\u00eda trabajadores del campo o\u00a0 asalariados de la administraci\u00f3n p\u00fablica.<\/p>\n\n\n\n<p>@amandasaldivia <\/p>\n\n\n\n<p><\/p>\n","protected":false},"excerpt":{"rendered":"<p>Vecinos de Paso Real de Macaira reportan que el pasaje ahora cuesta un d\u00f3lar Amanda Saldivia En un d\u00f3lar fue fijado hoy el pasaje para trasladarse desde Paso Real de Macaira hasta Altagracia de Orituco, capital del municipio Monagas, estado Gu\u00e1rico, raz\u00f3n por la cual algunos usuarios del transporte colectivo<\/p>\n","protected":false},"author":2,"featured_media":0,"comment_status":"open","ping_status":"open","sticky":false,"template":"","format":"standard","meta":{"advanced_seo_description":"","jetpack_seo_html_title":"","jetpack_seo_noindex":false,"_jetpack_memberships_contains_paid_content":false,"footnotes":"","jetpack_publicize_message":"","jetpack_publicize_feature_enabled":true,"jetpack_social_post_already_shared":true,"jetpack_social_options":{"image_generator_settings":{"template":"highway","enabled":false},"version":2}},"categories":[73],"tags":[24,74,75,32],"class_list":["post-848","post","type-post","status-publish","format-standard","hentry","category-transporte-colectivo","tag-altagracia","tag-pasaje","tag-pasorealdemacaira","tag-webdealta",""],"jetpack_publicize_connections":[],"jetpack_featured_media_url":"","jetpack_sharing_enabled":true,"jetpack_likes_enabled":true,"jetpack-related-posts":[],"jetpack_shortlink":"https:\/\/wp.me\/pcseDn-dG","_links":{"self":[{"href":"https:\/\/webdealta.info\/index.php?rest_route=\/wp\/v2\/posts\/848","targetHints":{"allow":["GET"]}}],"collection":[{"href":"https:\/\/webdealta.info\/index.php?rest_route=\/wp\/v2\/posts"}],"about":[{"href":"https:\/\/webdealta.info\/index.php?rest_route=\/wp\/v2\/types\/post"}],"author":[{"embeddable":true,"href":"https:\/\/webdealta.info\/index.php?rest_route=\/wp\/v2\/users\/2"}],"replies":[{"embeddable":true,"href":"https:\/\/webdealta.info\/index.php?rest_route=%2Fwp%2Fv2%2Fcomments&post=848"}],"version-history":[{"count":1,"href":"https:\/\/webdealta.info\/index.php?rest_route=\/wp\/v2\/posts\/848\/revisions"}],"predecessor-version":[{"id":850,"href":"https:\/\/webdealta.info\/index.php?rest_route=\/wp\/v2\/posts\/848\/revisions\/850"}],"wp:attachment":[{"href":"https:\/\/webdealta.info\/index.php?rest_route=%2Fwp%2Fv2%2Fmedia&parent=848"}],"wp:term":[{"taxonomy":"category","embeddable":true,"href":"https:\/\/webdealta.info\/index.php?rest_route=%2Fwp%2Fv2%2Fcategories&post=848"},{"taxonomy":"post_tag","embeddable":true,"href":"https:\/\/webdealta.info\/index.php?rest_route=%2Fwp%2Fv2%2Ftags&post=848"}],"curies":[{"name":"wp","href":"https:\/\/api.w.org\/{rel}","templated":true}]}}