{"id":8457,"date":"2024-04-01T22:47:38","date_gmt":"2024-04-02T02:47:38","guid":{"rendered":"https:\/\/webdealta.info\/?p=8457"},"modified":"2024-04-01T22:47:39","modified_gmt":"2024-04-02T02:47:39","slug":"gobernador-vasquez-espera-informe-final-sobre-rehabilitacion-de-via-guatopo","status":"publish","type":"post","link":"https:\/\/webdealta.info\/?p=8457","title":{"rendered":"Gobernador V\u00e1squez espera informe final sobre rehabilitaci\u00f3n de v\u00eda Guatopo"},"content":{"rendered":"\n<p>Amanda Saldivia.-<\/p>\n\n\n\n<p>En los pr\u00f3ximos d\u00edas se dar\u00e1 a conocer el informe final sobre las condiciones de la carretera que atraviesa el parque nacional Guatopo, desde Altagracia de Orituco (Gu\u00e1rico), hasta Los Alpes (Miranda), la cual est\u00e1 siendo evaluada por una comisi\u00f3n t\u00e9cnica designada por ambos gobernadores, con miras a rehabilitar el paso por esa arteria vial.<\/p>\n\n\n\n<p>La informaci\u00f3n la dio a conocer el gobernador Jos\u00e9 V\u00e1squez, en el programa En Directo con los medios, espacio en el cual el equipo de la Web de Altagracia formul\u00f3 la pregunta sobre el estatus de las acciones encaminadas a restablecer el paso, posibilidad que fue anunciada por el primer mandatario regional el primero de marzo de este a\u00f1o, en el marco de la celebraci\u00f3n de los 330 a\u00f1os de este poblado guarique\u00f1o.<\/p>\n\n\n\n<p>\u201cCon el tema de rehabilitar el paso por la v\u00eda Guatopo, ya nombramos las comisiones, en el caso de Gu\u00e1rico est\u00e1 integrada por la secretar\u00eda de Infraestructura, est\u00e1n evaluando en conjunto con la gobernaci\u00f3n del estado Miranda, lo que tiene que ver con los kil\u00f3metros correspondientes a ese estado\u2026 esta v\u00eda es muy importante para el crecimiento y el desarrollo de esta zona\u201d, expres\u00f3 el gobernador V\u00e1squez.<\/p>\n\n\n\n<p>Reiter\u00f3 que \u00e9l convers\u00f3 con el gobernador H\u00e9ctor Rodr\u00edguez y luego de nombrar las comisiones, resta esperar el informe final \u201ccorrespondiente a los trabajos que all\u00ed hay que hacer, en funci\u00f3n de rehabilitar esta importante v\u00eda, que es un compromiso nuestro\u201d.<\/p>\n\n\n\n<p>Las fotograf\u00edas de la v\u00eda que acompa\u00f1an esta informaci\u00f3n fueron tomadas en enero de 2014 por la redactora de esta nota de prensa. Solo 62 kil\u00f3metros separan a Altagracia de Orituco de Los Alpes, bifurcaci\u00f3n que lleva a Santa Teresa del Tuy o Arag\u00fcita.<\/p>\n\n\n\n<p>@amandasaldivia  <\/p>\n\n\n\n<p><\/p>\n","protected":false},"excerpt":{"rendered":"<p>Amanda Saldivia.- En los pr\u00f3ximos d\u00edas se dar\u00e1 a conocer el informe final sobre las condiciones de la carretera que atraviesa el parque nacional Guatopo, desde Altagracia de Orituco (Gu\u00e1rico), hasta Los Alpes (Miranda), la cual est\u00e1 siendo evaluada por una comisi\u00f3n t\u00e9cnica designada por ambos gobernadores, con miras a<\/p>\n","protected":false},"author":2,"featured_media":8458,"comment_status":"open","ping_status":"open","sticky":false,"template":"","format":"standard","meta":{"advanced_seo_description":"","jetpack_seo_html_title":"","jetpack_seo_noindex":false,"_jetpack_memberships_contains_paid_content":false,"footnotes":"","jetpack_publicize_message":"","jetpack_publicize_feature_enabled":true,"jetpack_social_post_already_shared":true,"jetpack_social_options":{"image_generator_settings":{"template":"highway","enabled":false},"version":2}},"categories":[16,251],"tags":[8,7,32],"class_list":["post-8457","post","type-post","status-publish","format-standard","has-post-thumbnail","hentry","category-vialidad","category-webdealta","tag-altagraciadeorituco","tag-guarico","tag-webdealta",""],"jetpack_publicize_connections":[],"jetpack_featured_media_url":"https:\/\/webdealta.info\/wp-content\/uploads\/2024\/04\/el-directo-con-el-gobernadxor-wbedealta-guatopo.png","jetpack_sharing_enabled":true,"jetpack_likes_enabled":true,"jetpack-related-posts":[],"jetpack_shortlink":"https:\/\/wp.me\/pcseDn-2cp","_links":{"self":[{"href":"https:\/\/webdealta.info\/index.php?rest_route=\/wp\/v2\/posts\/8457","targetHints":{"allow":["GET"]}}],"collection":[{"href":"https:\/\/webdealta.info\/index.php?rest_route=\/wp\/v2\/posts"}],"about":[{"href":"https:\/\/webdealta.info\/index.php?rest_route=\/wp\/v2\/types\/post"}],"author":[{"embeddable":true,"href":"https:\/\/webdealta.info\/index.php?rest_route=\/wp\/v2\/users\/2"}],"replies":[{"embeddable":true,"href":"https:\/\/webdealta.info\/index.php?rest_route=%2Fwp%2Fv2%2Fcomments&post=8457"}],"version-history":[{"count":1,"href":"https:\/\/webdealta.info\/index.php?rest_route=\/wp\/v2\/posts\/8457\/revisions"}],"predecessor-version":[{"id":8459,"href":"https:\/\/webdealta.info\/index.php?rest_route=\/wp\/v2\/posts\/8457\/revisions\/8459"}],"wp:featuredmedia":[{"embeddable":true,"href":"https:\/\/webdealta.info\/index.php?rest_route=\/wp\/v2\/media\/8458"}],"wp:attachment":[{"href":"https:\/\/webdealta.info\/index.php?rest_route=%2Fwp%2Fv2%2Fmedia&parent=8457"}],"wp:term":[{"taxonomy":"category","embeddable":true,"href":"https:\/\/webdealta.info\/index.php?rest_route=%2Fwp%2Fv2%2Fcategories&post=8457"},{"taxonomy":"post_tag","embeddable":true,"href":"https:\/\/webdealta.info\/index.php?rest_route=%2Fwp%2Fv2%2Ftags&post=8457"}],"curies":[{"name":"wp","href":"https:\/\/api.w.org\/{rel}","templated":true}]}}