{"id":8453,"date":"2024-04-01T22:01:01","date_gmt":"2024-04-02T02:01:01","guid":{"rendered":"https:\/\/webdealta.info\/?p=8453"},"modified":"2024-04-01T22:01:07","modified_gmt":"2024-04-02T02:01:07","slug":"restringen-transito-de-motos-en-horarios-nocturnos","status":"publish","type":"post","link":"https:\/\/webdealta.info\/?p=8453","title":{"rendered":"Restringen tr\u00e1nsito de motos en horarios nocturnos"},"content":{"rendered":"\n<p><strong>Sibci Gu\u00e1rico.- <\/strong>A trav\u00e9s de una nueva emisi\u00f3n de En Directo con los Medios, el gobernador Jos\u00e9 V\u00e1squez anunci\u00f3 un nuevo decreto que restringe la circulaci\u00f3n de veh\u00edculos tipo motocicletas en horas nocturnas, con el objetivo de disminuir los accidentes de tr\u00e1nsito y velar por la seguridad ciudadana en todo el territorio del estado Gu\u00e1rico.<\/p>\n\n\n\n<p>Cabe destacar que este accionar es bajo la responsabilidad de la Secretar\u00eda del \u00c1rea de Seguridad, impulsando esta propuesta que especifica la prohibici\u00f3n de circulaci\u00f3n a partir de las 10:00 p.m. hasta las 5:00 a.m. incrementando la protecci\u00f3n&nbsp; los habitantes de esta entidad llanera.<\/p>\n\n\n\n<p>En este sentido, el mandatario regional mencion\u00f3 a &nbsp;las personas que quedan exceptuados de la aplicaci\u00f3n de este art\u00edculo 1 del presente decreto, \u00ablos funcionarios y funcionarias del servicio de administraci\u00f3n p\u00fablica en el ejercicio de sus funciones, personal adscrito a instituciones de salud p\u00fablica y privada, los empleados de empresas privadas de cualquier \u00edndole que presten servicio en horas nocturnas; as\u00ed como los ciudadanos y ciudadanas que laboren haciendo entregas a domicilio, al igual que los individuos que presten servicio bajo la modalidad de moto taxi y que adem\u00e1s, utilicen este tipo de veh\u00edculos en situaciones de emergencia comprobada\u00bb.<\/p>\n\n\n\n<p>Igualmente, recalc\u00f3 que no es \u00fanicamente responsabilidad de la polic\u00eda del estado hacer cumplir este decreto, sino tambi\u00e9n del ciudadano y ciudadana, quienes deben transitar de forma adecuada, cumpliendo todas las normas y a su vez, con todo el cuidado, proteger su \u00a0vida como la de los dem\u00e1s.  <\/p>\n\n\n\n<p><\/p>\n","protected":false},"excerpt":{"rendered":"<p>Sibci Gu\u00e1rico.- A trav\u00e9s de una nueva emisi\u00f3n de En Directo con los Medios, el gobernador Jos\u00e9 V\u00e1squez anunci\u00f3 un nuevo decreto que restringe la circulaci\u00f3n de veh\u00edculos tipo motocicletas en horas nocturnas, con el objetivo de disminuir los accidentes de tr\u00e1nsito y velar por la seguridad ciudadana en todo<\/p>\n","protected":false},"author":2,"featured_media":8454,"comment_status":"open","ping_status":"open","sticky":false,"template":"","format":"standard","meta":{"advanced_seo_description":"","jetpack_seo_html_title":"","jetpack_seo_noindex":false,"_jetpack_memberships_contains_paid_content":false,"footnotes":"","jetpack_publicize_message":"","jetpack_publicize_feature_enabled":true,"jetpack_social_post_already_shared":true,"jetpack_social_options":{"image_generator_settings":{"template":"highway","enabled":false},"version":2}},"categories":[284,251],"tags":[8,7,32],"class_list":["post-8453","post","type-post","status-publish","format-standard","has-post-thumbnail","hentry","category-gobierno-de-guarico","category-webdealta","tag-altagraciadeorituco","tag-guarico","tag-webdealta",""],"jetpack_publicize_connections":[],"jetpack_featured_media_url":"https:\/\/webdealta.info\/wp-content\/uploads\/2024\/04\/firma-decreto-subsi-guarico.png","jetpack_sharing_enabled":true,"jetpack_likes_enabled":true,"jetpack-related-posts":[],"jetpack_shortlink":"https:\/\/wp.me\/pcseDn-2cl","_links":{"self":[{"href":"https:\/\/webdealta.info\/index.php?rest_route=\/wp\/v2\/posts\/8453","targetHints":{"allow":["GET"]}}],"collection":[{"href":"https:\/\/webdealta.info\/index.php?rest_route=\/wp\/v2\/posts"}],"about":[{"href":"https:\/\/webdealta.info\/index.php?rest_route=\/wp\/v2\/types\/post"}],"author":[{"embeddable":true,"href":"https:\/\/webdealta.info\/index.php?rest_route=\/wp\/v2\/users\/2"}],"replies":[{"embeddable":true,"href":"https:\/\/webdealta.info\/index.php?rest_route=%2Fwp%2Fv2%2Fcomments&post=8453"}],"version-history":[{"count":1,"href":"https:\/\/webdealta.info\/index.php?rest_route=\/wp\/v2\/posts\/8453\/revisions"}],"predecessor-version":[{"id":8455,"href":"https:\/\/webdealta.info\/index.php?rest_route=\/wp\/v2\/posts\/8453\/revisions\/8455"}],"wp:featuredmedia":[{"embeddable":true,"href":"https:\/\/webdealta.info\/index.php?rest_route=\/wp\/v2\/media\/8454"}],"wp:attachment":[{"href":"https:\/\/webdealta.info\/index.php?rest_route=%2Fwp%2Fv2%2Fmedia&parent=8453"}],"wp:term":[{"taxonomy":"category","embeddable":true,"href":"https:\/\/webdealta.info\/index.php?rest_route=%2Fwp%2Fv2%2Fcategories&post=8453"},{"taxonomy":"post_tag","embeddable":true,"href":"https:\/\/webdealta.info\/index.php?rest_route=%2Fwp%2Fv2%2Ftags&post=8453"}],"curies":[{"name":"wp","href":"https:\/\/api.w.org\/{rel}","templated":true}]}}