{"id":8431,"date":"2024-03-24T11:55:46","date_gmt":"2024-03-24T15:55:46","guid":{"rendered":"https:\/\/webdealta.info\/?p=8431"},"modified":"2024-03-24T11:56:01","modified_gmt":"2024-03-24T15:56:01","slug":"mujeres-que-inspiran-elisenda-tovar-arias-excelencia-y-fe","status":"publish","type":"post","link":"https:\/\/webdealta.info\/?p=8431","title":{"rendered":"Mujeres que Inspiran: Elisenda Tovar Arias, excelencia y fe"},"content":{"rendered":"\n<p>Amanda Saldivia.-<\/p>\n\n\n\n<p>Altagracia de Orituco siempre se ha distinguido por el valioso talento humano y la determinaci\u00f3n de muchos j\u00f3venes que, al culminar el bachillerato, ten\u00edan claro la importancia de continuar estudios universitarios.<\/p>\n\n\n\n<p>Era com\u00fan escuchar en las casas, las conversaciones sobre los esfuerzos que hac\u00eda los padres para darle a sus hijos las oportunidades de estudios superiores que ellos no tuvieron. As\u00ed era el hogar de Mar\u00eda Antonia Arias de Tovar y Juan Jos\u00e9 Tovar.<\/p>\n\n\n\n<p>Ella era cocinera en el geri\u00e1trico Madre Candelaria, repostera, una mujer de fe, que pertenec\u00eda a la Legi\u00f3n de Mar\u00eda y siempre estaba vinculada a las actividades de la parroquia Nuestra Se\u00f1ora de Altagracia. Juan Jos\u00e9, era electricista, plomero y un cultor de la tradici\u00f3n de los Negros de Plaza. Ten\u00eda un ingenio especial a la hora de improvisar.<\/p>\n\n\n\n<p>Mar\u00eda Antonia y Juan Jos\u00e9 viv\u00edan en la calle Pell\u00f3n y Palacios. All\u00ed criaron a sus cinco hijos, entre ellos a una mujer que sigue inspirando y que est\u00e1 en el coraz\u00f3n de muchos gracitanos que con nostalgia la recuerdan y quisieran escuchar sus sabios consejos, ver su cara con esa mirada dulce, acompa\u00f1ada de una sonrisa p\u00edcara.<\/p>\n\n\n\n<p>Es que con la mirada lo dec\u00eda todo, lo que le gustaba y lo que no estaba bien. Elisenda Tovar Arias era una mujer de car\u00e1cter fuerte, no le gustaban las ambig\u00fcedades, exig\u00eda al m\u00e1ximo la capacidad del talento humano, era enemiga de la mediocridad y aunque ten\u00eda esa forma particular de ser; era justa, amorosa, lo daba todo por su familia, sus sobrinos, amigos y los estudiantes del tecnol\u00f3gico de los Llanos, que tuvieron la dicha de formarse con esa prestigiosa profesora.<\/p>\n\n\n\n<p>Elisenda era una trabajadora incansable. Despu\u00e9s de estar todo el d\u00eda en la firma de contadores p\u00fablicos que fund\u00f3, iba a dar las clases al tecnol\u00f3gico, porque asumi\u00f3 el compromiso de formar a j\u00f3venes en su terru\u00f1o. Ella disfrutaba el rol de profesora universitaria. Esa era una de sus pasiones.<\/p>\n\n\n\n<p>Su destacado ejercicio profesional como Contadora la llev\u00f3 a ser parte de la directiva de la C\u00e1mara de Comercio, Industria y Producci\u00f3n del municipio Jos\u00e9 Tadeo Monagas, en el lapso 2008 \u2013 2009; adem\u00e1s de asesora permanente de esa instituci\u00f3n, porque se conoc\u00eda el marco legal a la perfecci\u00f3n y le pon\u00eda freno, a quienes pretend\u00edan abusar de las funciones gubernamentales que ejerc\u00edan.<\/p>\n\n\n\n<p>Era mujer de temple, preparada, aut\u00e9ntica, albergaba en su coraz\u00f3n una profunda fe, perteneci\u00f3 al Cursillo de Cristiandad, era devota de San Miguel Arc\u00e1ngel y de la Virgen de la Divina Pastora.\u00a0<\/p>\n\n\n\n<p>Su partida f\u00edsica en medio de la pandemia de Covid 19 dej\u00f3 un profundo pesar. El consuelo para familiares y amigos, es que ella sigue presente en el coraz\u00f3n y en el recuerdo. Fueron a\u00f1os dedicados a la formaci\u00f3n de la generaci\u00f3n de relevo y es satisfactorio escuchar\u2026ese contador trabaj\u00f3 con Elisenda o ese fue estudiante de Elisenda, como se\u00f1al de prestigio.<\/p>\n\n\n\n<p>Por la determinaci\u00f3n a buscar la excelencia, porque ella apostaba por el cambio, por una poblaci\u00f3n pr\u00f3spera, por la fe que profesaba, por el infinito amor a su familia y por la firme convicci\u00f3n de que el conocimiento es clave para lograr un mejor porvenir: Elisenda Tovar Arias sigue inspirando, ella es parte de las Mujeres que Inspiran.<br><br>Mujeres que Inspiran es una producci\u00f3n de Amanda Saldivia para Promasorca. Edici\u00f3n y montaje Luis Aviles. Este contenido es difundido en el programa Tiempo de Cambios por Activa 104.9 FM y en el portal <a href=\"https:\/\/www.webdealta.info\/\" target=\"_blank\" rel=\"noreferrer noopener\">www.webdealta.info<\/a>.<\/p>\n\n\n\n<p>@amandasaldivia<\/p>\n\n\n\n<p><\/p>\n","protected":false},"excerpt":{"rendered":"<p>Amanda Saldivia.- Altagracia de Orituco siempre se ha distinguido por el valioso talento humano y la determinaci\u00f3n de muchos j\u00f3venes que, al culminar el bachillerato, ten\u00edan claro la importancia de continuar estudios universitarios. Era com\u00fan escuchar en las casas, las conversaciones sobre los esfuerzos que hac\u00eda los padres para darle<\/p>\n","protected":false},"author":2,"featured_media":8432,"comment_status":"open","ping_status":"open","sticky":false,"template":"","format":"standard","meta":{"advanced_seo_description":"","jetpack_seo_html_title":"","jetpack_seo_noindex":false,"_jetpack_memberships_contains_paid_content":false,"footnotes":"","jetpack_publicize_message":"","jetpack_publicize_feature_enabled":true,"jetpack_social_post_already_shared":true,"jetpack_social_options":{"image_generator_settings":{"template":"highway","enabled":false},"version":2}},"categories":[339,251],"tags":[8,7,32],"class_list":["post-8431","post","type-post","status-publish","format-standard","has-post-thumbnail","hentry","category-mujeres-que-inspiran","category-webdealta","tag-altagraciadeorituco","tag-guarico","tag-webdealta",""],"jetpack_publicize_connections":[],"jetpack_featured_media_url":"https:\/\/webdealta.info\/wp-content\/uploads\/2024\/03\/Elisenda-Tovar-Arias-webdealta-mujeres-que-inspiran.png","jetpack_sharing_enabled":true,"jetpack_likes_enabled":true,"jetpack-related-posts":[],"jetpack_shortlink":"https:\/\/wp.me\/pcseDn-2bZ","_links":{"self":[{"href":"https:\/\/webdealta.info\/index.php?rest_route=\/wp\/v2\/posts\/8431","targetHints":{"allow":["GET"]}}],"collection":[{"href":"https:\/\/webdealta.info\/index.php?rest_route=\/wp\/v2\/posts"}],"about":[{"href":"https:\/\/webdealta.info\/index.php?rest_route=\/wp\/v2\/types\/post"}],"author":[{"embeddable":true,"href":"https:\/\/webdealta.info\/index.php?rest_route=\/wp\/v2\/users\/2"}],"replies":[{"embeddable":true,"href":"https:\/\/webdealta.info\/index.php?rest_route=%2Fwp%2Fv2%2Fcomments&post=8431"}],"version-history":[{"count":1,"href":"https:\/\/webdealta.info\/index.php?rest_route=\/wp\/v2\/posts\/8431\/revisions"}],"predecessor-version":[{"id":8433,"href":"https:\/\/webdealta.info\/index.php?rest_route=\/wp\/v2\/posts\/8431\/revisions\/8433"}],"wp:featuredmedia":[{"embeddable":true,"href":"https:\/\/webdealta.info\/index.php?rest_route=\/wp\/v2\/media\/8432"}],"wp:attachment":[{"href":"https:\/\/webdealta.info\/index.php?rest_route=%2Fwp%2Fv2%2Fmedia&parent=8431"}],"wp:term":[{"taxonomy":"category","embeddable":true,"href":"https:\/\/webdealta.info\/index.php?rest_route=%2Fwp%2Fv2%2Fcategories&post=8431"},{"taxonomy":"post_tag","embeddable":true,"href":"https:\/\/webdealta.info\/index.php?rest_route=%2Fwp%2Fv2%2Ftags&post=8431"}],"curies":[{"name":"wp","href":"https:\/\/api.w.org\/{rel}","templated":true}]}}