{"id":8423,"date":"2024-03-21T20:45:27","date_gmt":"2024-03-22T00:45:27","guid":{"rendered":"https:\/\/webdealta.info\/?p=8423"},"modified":"2024-03-21T20:45:28","modified_gmt":"2024-03-22T00:45:28","slug":"ferias-de-san-jose-de-guaribe-vienen-con-todo","status":"publish","type":"post","link":"https:\/\/webdealta.info\/?p=8423","title":{"rendered":"Ferias de San Jos\u00e9 de Guaribe vienen con todo"},"content":{"rendered":"\n<p>Sibci Gu\u00e1rico.- Bajo los \u00e1rboles que engalanan al Parque Recreacional Sam\u00e1n de Candelaria, el gobernador de la entidad guarique\u00f1a, Jos\u00e9 V\u00e1squez, \u00a0dio a conocer a todo el municipio Guaribe \u201cEl David de Gu\u00e1rico\u201d, el magno evento para recibir las XXXVII Ferias Agropecuarias y Artesanales de San Jos\u00e9 de Guaribe; las cuales est\u00e1n catalogadas como una de las mejores de esta regi\u00f3n llanera que son celebradas en honor a su patrono San Jos\u00e9.<\/p>\n\n\n\n<p>El gobernador resalt\u00f3 que las ferias de esta localidad, se han vuelto un enfoque tur\u00edstico en Venezuela, por su amplitud de actividades como el desfile c\u00edvico militar, la exposici\u00f3n y juzgamiento ganadero, los eventos deportivos, el Caney de la Bandola, los toros coleados, la artesan\u00eda, y la cantidad de artistas de talla nacional e internacional que all\u00ed se presentan.<\/p>\n\n\n\n<p>Este 2024 no escapa de ello; ya que se han aprobado recursos para el acondicionamiento de este parque ferial, entre ellos para la nueva tarima Totuma Ac\u00fastica Ram\u00f3n Celestino Characo \u201cPolonio\u201d, que ser\u00e1 inaugurada para el disfrute de todos los guaribero y turistas, adem\u00e1s para rendirle homenaje a este gran personaje hijo del terru\u00f1o guaribense, que ha dedicado toda su vida a trabajar, resaltar y exponer la cultura guaribera. \u201cEl presidente ha creado una gran misi\u00f3n de la nueva generaci\u00f3n llamada Viva Venezuela Mi Patria Querida, que tiene que ver con la cultura, con sus manifestaciones, con la tradicionalidad, con el turismo; ya que estas ferias demuestran una identidad cultural, como, por ejemplo, la bandola que es una identidad nacional\u201d, destac\u00f3 el primer mandatario regional.<\/p>\n\n\n\n<p>Adem\u00e1s, V\u00e1squez afirm\u00f3 que este a\u00f1o &nbsp;vendr\u00e1n cosas maravillosas. Para el d\u00eda viernes 22 de marzo comenzar\u00e1 la exposici\u00f3n de ganader\u00eda, donde un alto n\u00famero de productores confirmados participar\u00e1n y se exhibir\u00e1n m\u00e1s de 220 animales de ganader\u00eda gen\u00e9tica de doble prop\u00f3sito de las distintas razas, competencia y juzgamiento en diferentes categor\u00edas. Asimismo, en horas de la noche se realizar\u00e1 el festival de voz recia femenina, y se recibir\u00e1n a los artistas Miguel Moly, Carlos Romero \u201cEl Potrillo\u201d, Orquesta Chuchu y Milena Ben\u00edtez.<\/p>\n\n\n\n<p>La tarde del d\u00eda s\u00e1bado 23 de marzo se volver\u00e1n a caer los toros en la manga de coleo Dr. An\u00edbal Figueroa, adem\u00e1s en el show nocturno se contar\u00e1 con la presencia de las agrupaciones Afro Criollos, Las Chicas del Can, Tambor Urbano y Sixto Rein.<\/p>\n\n\n\n<p>Finalmente, el domingo 24 de marzo se har\u00e1 la tradicional tarde de rodeo, premiaci\u00f3n de la ganader\u00eda y el gran amanecer llanero; donde el pueblo podr\u00e1 disfrutar de los Hijos de Guaribe; y se contar\u00e1 con la presencia de artistas de la talla de Armando Mart\u00ednez, Al\u00ed Cabello, Fernando Tovar, Yenifer Mora, Miguelito D\u00edaz, La Negra Linares, Gio Fern\u00e1ndez, C\u00e9sar Rey \u201cEl Tucusito\u201d, Carlos Pantoja, Susmira Aparicio, Yorman Tenepe, entre otros.<\/p>\n\n\n\n<p>Por su parte, Julio Y\u00e1nez alcalde de la localidad expres\u00f3 \u201clo establece la Constituci\u00f3n de la Rep\u00fablica Bolivariana de Venezuela, el derecho a disfrutar, a recrearse. Aqu\u00ed tambi\u00e9n tendr\u00e1 participaci\u00f3n el movimiento de emprendedores, lo que nos identifica como la bandola guaribera y los toros coleados, estas ferias ser\u00e1n un hecho hist\u00f3rico, porque como Guaribe no hay\u201d.  <\/p>\n\n\n\n<p><\/p>\n","protected":false},"excerpt":{"rendered":"<p>Sibci Gu\u00e1rico.- Bajo los \u00e1rboles que engalanan al Parque Recreacional Sam\u00e1n de Candelaria, el gobernador de la entidad guarique\u00f1a, Jos\u00e9 V\u00e1squez, \u00a0dio a conocer a todo el municipio Guaribe \u201cEl David de Gu\u00e1rico\u201d, el magno evento para recibir las XXXVII Ferias Agropecuarias y Artesanales de San Jos\u00e9 de Guaribe; las<\/p>\n","protected":false},"author":2,"featured_media":8424,"comment_status":"open","ping_status":"open","sticky":false,"template":"","format":"standard","meta":{"advanced_seo_description":"","jetpack_seo_html_title":"","jetpack_seo_noindex":false,"_jetpack_memberships_contains_paid_content":false,"footnotes":"","jetpack_publicize_message":"","jetpack_publicize_feature_enabled":true,"jetpack_social_post_already_shared":true,"jetpack_social_options":{"image_generator_settings":{"template":"highway","enabled":false},"version":2}},"categories":[284,251],"tags":[8,7,32],"class_list":["post-8423","post","type-post","status-publish","format-standard","has-post-thumbnail","hentry","category-gobierno-de-guarico","category-webdealta","tag-altagraciadeorituco","tag-guarico","tag-webdealta",""],"jetpack_publicize_connections":[],"jetpack_featured_media_url":"https:\/\/webdealta.info\/wp-content\/uploads\/2024\/03\/ferias-guaribe-webdealta.png","jetpack_sharing_enabled":true,"jetpack_likes_enabled":true,"jetpack-related-posts":[],"jetpack_shortlink":"https:\/\/wp.me\/pcseDn-2bR","_links":{"self":[{"href":"https:\/\/webdealta.info\/index.php?rest_route=\/wp\/v2\/posts\/8423","targetHints":{"allow":["GET"]}}],"collection":[{"href":"https:\/\/webdealta.info\/index.php?rest_route=\/wp\/v2\/posts"}],"about":[{"href":"https:\/\/webdealta.info\/index.php?rest_route=\/wp\/v2\/types\/post"}],"author":[{"embeddable":true,"href":"https:\/\/webdealta.info\/index.php?rest_route=\/wp\/v2\/users\/2"}],"replies":[{"embeddable":true,"href":"https:\/\/webdealta.info\/index.php?rest_route=%2Fwp%2Fv2%2Fcomments&post=8423"}],"version-history":[{"count":1,"href":"https:\/\/webdealta.info\/index.php?rest_route=\/wp\/v2\/posts\/8423\/revisions"}],"predecessor-version":[{"id":8425,"href":"https:\/\/webdealta.info\/index.php?rest_route=\/wp\/v2\/posts\/8423\/revisions\/8425"}],"wp:featuredmedia":[{"embeddable":true,"href":"https:\/\/webdealta.info\/index.php?rest_route=\/wp\/v2\/media\/8424"}],"wp:attachment":[{"href":"https:\/\/webdealta.info\/index.php?rest_route=%2Fwp%2Fv2%2Fmedia&parent=8423"}],"wp:term":[{"taxonomy":"category","embeddable":true,"href":"https:\/\/webdealta.info\/index.php?rest_route=%2Fwp%2Fv2%2Fcategories&post=8423"},{"taxonomy":"post_tag","embeddable":true,"href":"https:\/\/webdealta.info\/index.php?rest_route=%2Fwp%2Fv2%2Ftags&post=8423"}],"curies":[{"name":"wp","href":"https:\/\/api.w.org\/{rel}","templated":true}]}}