{"id":8419,"date":"2024-03-21T20:35:43","date_gmt":"2024-03-22T00:35:43","guid":{"rendered":"https:\/\/webdealta.info\/?p=8419"},"modified":"2024-03-21T20:35:45","modified_gmt":"2024-03-22T00:35:45","slug":"mujeres-que-inspiran-silene-valero-vida-dedicada-al-realce-de-la-cultura","status":"publish","type":"post","link":"https:\/\/webdealta.info\/?p=8419","title":{"rendered":"Mujeres que Inspiran: Silene Valero, vida dedicada al realce de la cultura"},"content":{"rendered":"\n<p>Amanda Saldivia.-<\/p>\n\n\n\n<p>En Mujeres que Inspiran destacamos a una dama gracitana que desde los cuatro a\u00f1os se luc\u00eda en el baile del joropo llanero y central, guiada por su pap\u00e1 que era oriundo de San Casimiro y su abuela que naci\u00f3 en esta tierra gracitana.<\/p>\n\n\n\n<p>A esa corta edad comenz\u00f3 a distinguir las distintas variantes de nuestro baile nacional y ya en la adolescencia se interes\u00f3 por el toque del tambor de esta tierra y comenz\u00f3 a investigar sobre los Negros de Plaza, los cantos de luceros, mariselas, guara\u00f1as, el repique de la jinka y hasta las particularidades de los Diablos Danzantes de San Rafael de Orituco.<\/p>\n\n\n\n<p>Seguramente ya sabe a qui\u00e9n nos referimos. Si, tienen raz\u00f3n se trata de Silene Valero, esa incansable mujer que ha dedicado su vida al realce de las tradiciones de esta tierra. Ella, es referencia a la hora de saber qui\u00e9nes son los cultores de cada manifestaci\u00f3n y es conocida en todo el pa\u00eds por el celo que ha tenido para que cada expresi\u00f3n mantenga su originalidad.<\/p>\n\n\n\n<p>Esa larga trayectoria, es reconocida al designarla para dirigir el Gabinete Gu\u00e1rico en el municipio Jos\u00e9 Tadeo Monagas, instancia de coordinaci\u00f3n adscrita al Ministerio del Poder Popular de la Cultura.<\/p>\n\n\n\n<p>Es que la creatividad de Silene la desarroll\u00f3 a corta edad. En el grupo escolar Jos\u00e9 Ram\u00f3n Camejo estaba en todos los actos culturales, al punto de que suger\u00eda coreograf\u00edas y asesoraba a estudiantes de otros salones, tanto en las tradiciones locales, como bailes de otras latitudes.<\/p>\n\n\n\n<p>Recuerda especialmente las presentaciones de la Reina de Primavera, Carnaval y fin de a\u00f1o escolar, y de c\u00f3mo disfrutaba junto a sus maestras Delfina de Mata, Josefina de Aragort, Clara de Alfonzo, Clemira DSuze, Leli de Rojas y Carmita de L\u00f3pez.<\/p>\n\n\n\n<p>La consolidaci\u00f3n de esta gracitana como referencia, comenz\u00f3 cuando ten\u00eda 14 a\u00f1os. En el liceo, llevaba las riendas de las coreograf\u00edas y contaba con la confianza de las profesoras, entre ellas Mirtha Chang. El reto era lucirse en cada puesta en escena.<\/p>\n\n\n\n<p>Ese amor por la cultura la llev\u00f3 a estudiar educaci\u00f3n. Ten\u00eda que viajar a San Juan de los Morros a la sede de El M\u00e1caro y eso le dio la proyecci\u00f3n regional. Le permiti\u00f3 conocer cultores de todo Gu\u00e1rico y mostrar las manifestaciones de esta tierra orituque\u00f1a.<\/p>\n\n\n\n<p>A partir de ese momento, comenz\u00f3 a llevar las representaciones de estudiantes a los festivales Quitapesares, Cantaclaro, producto del semillero en las escuelas y de la participaci\u00f3n en Espigas del Orituco.<\/p>\n\n\n\n<p>Tambi\u00e9n Silene Valero destac\u00f3 en teatro. En la d\u00e9cada de los 80 fund\u00f3 una escuela y hasta gan\u00f3 un premio regional como mejor actriz en el a\u00f1o 1989. Otra de sus facetas fue de animadora de fiestas. Ella se vest\u00eda de payasita para el disfrute de los ni\u00f1os en los cumplea\u00f1os. Pero eso no es todo, su gracia, su postura y el arte que tiene para bailar la llev\u00f3 a dar clases de aerobics, actividad f\u00edsica en la cual tambi\u00e9n se form\u00f3.<\/p>\n\n\n\n<p>Es que Silene Valero tiene unos cimientos s\u00f3lidos. Ella creci\u00f3 entre cultores. Su pap\u00e1 Miguel Armando Valero la llevaba a San Rafael, Lezama y en su casa se reun\u00edan a bailar y cantar, los fines de semana. &nbsp;Por eso tiene ese arraigo y se emociona al recordar a los cultores Carmelo Sifontes, Falito Carpio, Juan Tovar, los hermanos Orasmas, Romero, Punchilupe y los Paredes, esa vena familiar de la recordada abuela Modesta.<\/p>\n\n\n\n<p>Por eso, cuando se revisa el realce de la cultura de esta tierra, el nombre de Silene Valero est\u00e1 presente. Ella recibi\u00f3 al periodista Eli Bravo para mostrarle la riqueza de nuestra regi\u00f3n, lo que qued\u00f3 registrado en el programa Destinos Musicales de Televen. Tambi\u00e9n fue pieza clave en la edici\u00f3n del libro de Patrimonio Cultural y actualmente lidera el registro en la misi\u00f3n Viva Venezuela, mi Patria Querida, fund\u00f3 la escuela Tradiciones del Orituco, donde se forman ni\u00f1os en el baile de joropo y aunque est\u00e1 jubilada, sigue dando clases en las instituciones educativas para que el amor por nuestras expresiones se mantenga.<\/p>\n\n\n\n<p>Ella sue\u00f1a con un gran centro cultural, porque el Orituco, no es solo baile, aqu\u00ed hay artistas pl\u00e1sticos, escultores, escritores, es una tierra rica en talento humano y por eso sigue trabajando incansablemente. Es que Silene Valero es una de las Mujeres que Inspiran.<\/p>\n\n\n\n<p>Mujeres que Inspiran es una producci\u00f3n de Amanda Saldivia para Promasorca. Edici\u00f3n y montaje Luis Aviles. Este contenido es difundido en el programa Tiempo de Cambios por Activa 104.9 FM y en el portal <a href=\"https:\/\/www.webdealta.info\/\" target=\"_blank\" rel=\"noreferrer noopener\">www.webdealta.info<\/a>.<strong><\/strong><\/p>\n\n\n\n<p>@amandasaldivia  <\/p>\n\n\n\n<p><\/p>\n","protected":false},"excerpt":{"rendered":"<p>Amanda Saldivia.- En Mujeres que Inspiran destacamos a una dama gracitana que desde los cuatro a\u00f1os se luc\u00eda en el baile del joropo llanero y central, guiada por su pap\u00e1 que era oriundo de San Casimiro y su abuela que naci\u00f3 en esta tierra gracitana. A esa corta edad comenz\u00f3<\/p>\n","protected":false},"author":2,"featured_media":8420,"comment_status":"open","ping_status":"open","sticky":false,"template":"","format":"standard","meta":{"advanced_seo_description":"","jetpack_seo_html_title":"","jetpack_seo_noindex":false,"_jetpack_memberships_contains_paid_content":false,"footnotes":"","jetpack_publicize_message":"","jetpack_publicize_feature_enabled":true,"jetpack_social_post_already_shared":true,"jetpack_social_options":{"image_generator_settings":{"template":"highway","enabled":false},"version":2}},"categories":[339,251],"tags":[8,7,32],"class_list":["post-8419","post","type-post","status-publish","format-standard","has-post-thumbnail","hentry","category-mujeres-que-inspiran","category-webdealta","tag-altagraciadeorituco","tag-guarico","tag-webdealta",""],"jetpack_publicize_connections":[],"jetpack_featured_media_url":"https:\/\/webdealta.info\/wp-content\/uploads\/2024\/03\/nujeres-que-inspiran-silene-valero-webdealta.png","jetpack_sharing_enabled":true,"jetpack_likes_enabled":true,"jetpack-related-posts":[],"jetpack_shortlink":"https:\/\/wp.me\/pcseDn-2bN","_links":{"self":[{"href":"https:\/\/webdealta.info\/index.php?rest_route=\/wp\/v2\/posts\/8419","targetHints":{"allow":["GET"]}}],"collection":[{"href":"https:\/\/webdealta.info\/index.php?rest_route=\/wp\/v2\/posts"}],"about":[{"href":"https:\/\/webdealta.info\/index.php?rest_route=\/wp\/v2\/types\/post"}],"author":[{"embeddable":true,"href":"https:\/\/webdealta.info\/index.php?rest_route=\/wp\/v2\/users\/2"}],"replies":[{"embeddable":true,"href":"https:\/\/webdealta.info\/index.php?rest_route=%2Fwp%2Fv2%2Fcomments&post=8419"}],"version-history":[{"count":1,"href":"https:\/\/webdealta.info\/index.php?rest_route=\/wp\/v2\/posts\/8419\/revisions"}],"predecessor-version":[{"id":8421,"href":"https:\/\/webdealta.info\/index.php?rest_route=\/wp\/v2\/posts\/8419\/revisions\/8421"}],"wp:featuredmedia":[{"embeddable":true,"href":"https:\/\/webdealta.info\/index.php?rest_route=\/wp\/v2\/media\/8420"}],"wp:attachment":[{"href":"https:\/\/webdealta.info\/index.php?rest_route=%2Fwp%2Fv2%2Fmedia&parent=8419"}],"wp:term":[{"taxonomy":"category","embeddable":true,"href":"https:\/\/webdealta.info\/index.php?rest_route=%2Fwp%2Fv2%2Fcategories&post=8419"},{"taxonomy":"post_tag","embeddable":true,"href":"https:\/\/webdealta.info\/index.php?rest_route=%2Fwp%2Fv2%2Ftags&post=8419"}],"curies":[{"name":"wp","href":"https:\/\/api.w.org\/{rel}","templated":true}]}}