{"id":8384,"date":"2024-03-11T20:03:58","date_gmt":"2024-03-12T00:03:58","guid":{"rendered":"https:\/\/webdealta.info\/?p=8384"},"modified":"2024-03-12T08:28:21","modified_gmt":"2024-03-12T12:28:21","slug":"mujeres-que-inspiran-francisca-panchita-ferrer-lider-politica-gracitana","status":"publish","type":"post","link":"https:\/\/webdealta.info\/?p=8384","title":{"rendered":"Mujeres que Inspiran: Pancha (Panchita) Ferrer, l\u00edder pol\u00edtica gracitana"},"content":{"rendered":"\n<p>Amanda Saldivia.-<\/p>\n\n\n\n<p>Desde Parapara de Ortiz lleg\u00f3 a tierra gracitana una mujer de temple, con extraordinaria sensibilidad social, estaba pendiente del despose\u00eddo, de aquel que no ten\u00eda oportunidades y que acud\u00eda a consultarle qu\u00e9 hacer ante cualquier adversidad.<\/p>\n\n\n\n<p>Ese amor al pr\u00f3jimo la llev\u00f3 a incursionar en la pol\u00edtica, porque cre\u00eda que a trav\u00e9s de esas organizaciones se pod\u00edan generar los cambios que atendieran a los m\u00e1s necesitados. Por ser cat\u00f3lica, creyente de la Virgen de la Misericordia y de la Rosa M\u00edstica, se inscribi\u00f3 en el partido Social Cristiano Copei.<\/p>\n\n\n\n<p>Enseguida destac\u00f3 por ser una l\u00edder natural, creativa, una mujer aut\u00e9ntica, lo que la llev\u00f3 a ocupar la presidencia del Concejo Municipal a finales de la d\u00e9cada de los a\u00f1os 70 y adem\u00e1s tambi\u00e9n represent\u00f3 a la gobernaci\u00f3n de Gu\u00e1rico en el Orituco, en el rol de prefecta del municipio Jos\u00e9 Tadeo Monagas, durante el mandato de Malav\u00e9 Risso.<\/p>\n\n\n\n<p>Seguramente ya saben a qui\u00e9n est\u00e1 dedicado este micro Mujeres que Inspiran, s\u00ed, tienen raz\u00f3n es para resaltar el aporte que hizo a esta tierra gracitana Pancha Ferrer, Panchita Ferrer o Panchita de Rosa, como tambi\u00e9n se le conoci\u00f3 a esta dama que se distingui\u00f3 en esta tierra al punto de ejercer cargos importantes, que por lo general estaban reservados, en esa \u00e9poca, solo para los hombres.<\/p>\n\n\n\n<p>Panchita Ferrer ten\u00eda luz propia. Era una mujer sencilla, pero de car\u00e1cter, defend\u00eda su punto de vista. Culmin\u00f3 el bachillerato, ya adulta y aunque no concret\u00f3 el sue\u00f1o de ser abogado, se sab\u00eda el marco legal venezolano, lo estudiaba cuidadosamente, y dejaba a m\u00e1s de un doctor con la boca abierta.<\/p>\n\n\n\n<p>En la \u00e9poca como prefecto del municipio Jos\u00e9 Tadeo Monagas, le toc\u00f3 encabezar los operativos policiales, conjuntamente con el Instituto Nacional del Menor. Sus hijos recuerdan que le daba largas charlas a los j\u00f3venes que comet\u00edan delitos, con la firme convicci\u00f3n de que ellos no tuvieron oportunidades, ni un hogar que los orientara.&nbsp;&nbsp;<\/p>\n\n\n\n<p>Esa era Panchita, la mujer que ten\u00eda la casa abierta para todos, la que no sab\u00eda cocinar ni una arepa al casarse, porque fue criada por una abuela que la consent\u00eda, pero que desarroll\u00f3 el arte culinario de manera espectacular, al punto de ser referencia por los deliciosos postres y la cocina salada que preparaba, aunque ella prefer\u00eda un plato de caraotas negras.<\/p>\n\n\n\n<p>En esa casona de la calle Gil Pulido disfrutaron banquetes pol\u00edticos importantes, porque Panchita era reconocida por la mesa bien servida, todo impecable para dejar en alto el gentilicio de esta regi\u00f3n. El maestro Luis Beltr\u00e1n Prieto Figueroa, Jos\u00e9 Vicente Rangel, Lorenzo Fern\u00e1ndez y el gobernador Malave Risso, fueron atendidos por Panchita, entre otros tantos, que recuerda la familia.<\/p>\n\n\n\n<p>Panchita Ferrer, no ve\u00eda la edad como un impedimento, todo lo contrario, una vez culminada la faceta como prefecta, form\u00f3 parte del movimiento vecinal del municipio Monagas y en su casa eran las reuniones a comienzos de los a\u00f1os 2000, en plena efervescencia de la explotaci\u00f3n gas\u00edfera del campo Yucal Placer.<\/p>\n\n\n\n<p>Al enfermar, pidi\u00f3 a la familia que no cerraran la casa a las visitas, que aquellos que ped\u00edan verla, era porque la apreciaban. Ella dec\u00eda que era del pueblo, no sent\u00eda verg\u00fcenza alguna de que vieran su salud mermada. Era tanto as\u00ed que nunca dej\u00f3 de ir a votar, siempre por el partido Socialcristiano Copei. Parchita parti\u00f3 de este plano terrenal el 3 de enero de 2009.<\/p>\n\n\n\n<p>Porque era fue mujer con sensibilidad social lo que la llev\u00f3 a incursionar en la pol\u00edtica, porque supo armonizar eso rol, con la responsabilidad de ser madre, porque se distingu\u00eda por su car\u00e1cter fuerte, pero era anal\u00edtica y conciliadora, por ser una mujer aut\u00e9ntica, sencilla, creativa, por impulsar la consolidaci\u00f3n de espacios para nuevos urbanismos, tales como Colinas de Camoruco y Los Paurales, porque seguramente este relato se qued\u00f3 corto para mencionar tantas facetas resaltantes en su vida, Pachita Ferrer es parte de las Mujeres que Inspiran.<\/p>\n\n\n\n<p>Mujeres que Inspiran es una producci\u00f3n de Amanda Saldivia para Promasorca. Edici\u00f3n y montaje Luis Aviles. Este contenido es difundido en el programa Tiempo de Cambios por Activa 104.9 FM y en el portal <a href=\"https:\/\/www.webdealta.info\/\" target=\"_blank\" rel=\"noreferrer noopener\">www.webdealta.info<\/a>.<\/p>\n\n\n\n<p>@amandasaldivia<\/p>\n\n\n\n<p><\/p>\n","protected":false},"excerpt":{"rendered":"<p>Amanda Saldivia.- Desde Parapara de Ortiz lleg\u00f3 a tierra gracitana una mujer de temple, con extraordinaria sensibilidad social, estaba pendiente del despose\u00eddo, de aquel que no ten\u00eda oportunidades y que acud\u00eda a consultarle qu\u00e9 hacer ante cualquier adversidad. Ese amor al pr\u00f3jimo la llev\u00f3 a incursionar en la pol\u00edtica, porque<\/p>\n","protected":false},"author":2,"featured_media":8385,"comment_status":"open","ping_status":"open","sticky":false,"template":"","format":"standard","meta":{"advanced_seo_description":"","jetpack_seo_html_title":"","jetpack_seo_noindex":false,"_jetpack_memberships_contains_paid_content":false,"footnotes":"","jetpack_publicize_message":"","jetpack_publicize_feature_enabled":true,"jetpack_social_post_already_shared":true,"jetpack_social_options":{"image_generator_settings":{"template":"highway","enabled":false},"version":2}},"categories":[339,251],"tags":[8,7,32],"class_list":["post-8384","post","type-post","status-publish","format-standard","has-post-thumbnail","hentry","category-mujeres-que-inspiran","category-webdealta","tag-altagraciadeorituco","tag-guarico","tag-webdealta",""],"jetpack_publicize_connections":[],"jetpack_featured_media_url":"https:\/\/webdealta.info\/wp-content\/uploads\/2024\/03\/parchita-ferrer-webdealta-mujeres-que-inspiran.png","jetpack_sharing_enabled":true,"jetpack_likes_enabled":true,"jetpack-related-posts":[],"jetpack_shortlink":"https:\/\/wp.me\/pcseDn-2be","_links":{"self":[{"href":"https:\/\/webdealta.info\/index.php?rest_route=\/wp\/v2\/posts\/8384","targetHints":{"allow":["GET"]}}],"collection":[{"href":"https:\/\/webdealta.info\/index.php?rest_route=\/wp\/v2\/posts"}],"about":[{"href":"https:\/\/webdealta.info\/index.php?rest_route=\/wp\/v2\/types\/post"}],"author":[{"embeddable":true,"href":"https:\/\/webdealta.info\/index.php?rest_route=\/wp\/v2\/users\/2"}],"replies":[{"embeddable":true,"href":"https:\/\/webdealta.info\/index.php?rest_route=%2Fwp%2Fv2%2Fcomments&post=8384"}],"version-history":[{"count":2,"href":"https:\/\/webdealta.info\/index.php?rest_route=\/wp\/v2\/posts\/8384\/revisions"}],"predecessor-version":[{"id":8387,"href":"https:\/\/webdealta.info\/index.php?rest_route=\/wp\/v2\/posts\/8384\/revisions\/8387"}],"wp:featuredmedia":[{"embeddable":true,"href":"https:\/\/webdealta.info\/index.php?rest_route=\/wp\/v2\/media\/8385"}],"wp:attachment":[{"href":"https:\/\/webdealta.info\/index.php?rest_route=%2Fwp%2Fv2%2Fmedia&parent=8384"}],"wp:term":[{"taxonomy":"category","embeddable":true,"href":"https:\/\/webdealta.info\/index.php?rest_route=%2Fwp%2Fv2%2Fcategories&post=8384"},{"taxonomy":"post_tag","embeddable":true,"href":"https:\/\/webdealta.info\/index.php?rest_route=%2Fwp%2Fv2%2Ftags&post=8384"}],"curies":[{"name":"wp","href":"https:\/\/api.w.org\/{rel}","templated":true}]}}