{"id":8380,"date":"2024-03-10T20:39:53","date_gmt":"2024-03-11T00:39:53","guid":{"rendered":"https:\/\/webdealta.info\/?p=8380"},"modified":"2024-03-10T20:39:55","modified_gmt":"2024-03-11T00:39:55","slug":"diocesis-de-valle-de-la-pascua-a-cargo-de-monsenor-ricardo-barreto","status":"publish","type":"post","link":"https:\/\/webdealta.info\/?p=8380","title":{"rendered":"Di\u00f3cesis de Valle de la Pascua a cargo de Monse\u00f1or Ricardo Barreto"},"content":{"rendered":"\n<p><strong>Sibci Gu\u00e1rico.- <\/strong>Este s\u00e1bado, desde la Catedral Nuestra Se\u00f1ora de la Candelaria se realiz\u00f3 la Toma de Posesi\u00f3n Can\u00f3nica de Monse\u00f1or Ricardo Barreto, quien se convierte en el tercer obispo de la Di\u00f3cesis de Valle de la Pascua, trayendo consigo el lema \u201cT\u00fa s\u00edgueme\u201d como reflejo de su actitud de seguimiento y obediencia a Cristo.<\/p>\n\n\n\n<p>De esta forma, los fieles despidieron al Monse\u00f1or Ram\u00f3n Jos\u00e9 Aponte Fern\u00e1ndez, quien dedic\u00f3 20 a\u00f1os al servicio episcopal de este territorio llanero (desde 2004), adem\u00e1s ya arribaba a los 50 a\u00f1os de sacerdocio (desde el a\u00f1o 1974), y tambi\u00e9n cumpli\u00f3 75 a\u00f1os de edad (promedio de retiro de los obispos).<\/p>\n\n\n\n<p>Por su parte, autoridades gubernamentales como el gobernador del estado Gu\u00e1rico, Jos\u00e9 V\u00e1squez, acompa\u00f1ado de la Primera Dama del estado, Fabiola De C\u00f3rdova, el enlace por el PSUV en el estado Gu\u00e1rico, Jos\u00e9 Gregorio Vielma Mora, diputados, alcaldes, entre otros, se dieron cita para acompa\u00f1ar al clero Vallepascuense, adem\u00e1s tambi\u00e9n asisti\u00f3 el Arzobispo de la Di\u00f3cesis de Calabozo, Monse\u00f1or Manuel Felipe D\u00edaz S\u00e1nchez,&nbsp; y dem\u00e1s sacerdotes para brindar acompa\u00f1amiento en esta nueva labor espiritual.<\/p>\n\n\n\n<p>En este sentido, el mandatario regional, Jos\u00e9 V\u00e1squez destac\u00f3 \u00abEs un hecho hist\u00f3rico\u00bb,&nbsp; al referirse a la importancia de este acontecimiento para la regi\u00f3n. En sus palabras, resalt\u00f3 la gratitud por los 20 a\u00f1os de dedicaci\u00f3n y empe\u00f1o del Monse\u00f1or Aponte, reconociendo su notable labor.<\/p>\n\n\n\n<p>Asimismo, extendi\u00f3 sus mejores deseos al nuevo obispo, dese\u00e1ndole el mayor de los \u00e9xitos en su nuevo rol \u201cUsted viene a profundizar el mensaje de Dios en este zona que comprende 9 municipios: Chaguaramas, Altagracia, Guaribe, Zaraza, Tucupido, El Socorro, Santa Mar\u00eda y este, Leonardo Infante\u201d y continu\u00f3 \u201cSi\u00e9ntase como un hijo m\u00e1s de las palmas guarique\u00f1as, este pueblo lo abrazara insistentemente y lo ayudaremos a seguir en el camino de un buen pastor\u201d.<\/p>\n\n\n\n<p>\u201cQu\u00e9 bueno es encontrarnos bajo la palabra de Dios; iglesia y estado\u201d expres\u00f3 el l\u00edder regional, adem\u00e1s enalteci\u00f3 el compromiso institucional con la comunidad y el respeto hacia las instituciones religiosas, reafirmando la importancia de la uni\u00f3n entre la esfera pol\u00edtica y la eclesi\u00e1stica en el desarrollo integral de la sociedad.<\/p>\n\n\n\n<p>Fotos cortes\u00eda<\/p>\n\n\n\n<p><\/p>\n","protected":false},"excerpt":{"rendered":"<p>Sibci Gu\u00e1rico.- Este s\u00e1bado, desde la Catedral Nuestra Se\u00f1ora de la Candelaria se realiz\u00f3 la Toma de Posesi\u00f3n Can\u00f3nica de Monse\u00f1or Ricardo Barreto, quien se convierte en el tercer obispo de la Di\u00f3cesis de Valle de la Pascua, trayendo consigo el lema \u201cT\u00fa s\u00edgueme\u201d como reflejo de su actitud de<\/p>\n","protected":false},"author":2,"featured_media":8381,"comment_status":"open","ping_status":"open","sticky":false,"template":"","format":"standard","meta":{"advanced_seo_description":"","jetpack_seo_html_title":"","jetpack_seo_noindex":false,"_jetpack_memberships_contains_paid_content":false,"footnotes":"","jetpack_publicize_message":"","jetpack_publicize_feature_enabled":true,"jetpack_social_post_already_shared":true,"jetpack_social_options":{"image_generator_settings":{"template":"highway","enabled":false},"version":2}},"categories":[284,42,251],"tags":[8,7,32],"class_list":["post-8380","post","type-post","status-publish","format-standard","has-post-thumbnail","hentry","category-gobierno-de-guarico","category-iglesia-catolica","category-webdealta","tag-altagraciadeorituco","tag-guarico","tag-webdealta",""],"jetpack_publicize_connections":[],"jetpack_featured_media_url":"https:\/\/webdealta.info\/wp-content\/uploads\/2024\/03\/monsenor-ricargo-barreto-webdealta.png","jetpack_sharing_enabled":true,"jetpack_likes_enabled":true,"jetpack-related-posts":[],"jetpack_shortlink":"https:\/\/wp.me\/pcseDn-2ba","_links":{"self":[{"href":"https:\/\/webdealta.info\/index.php?rest_route=\/wp\/v2\/posts\/8380","targetHints":{"allow":["GET"]}}],"collection":[{"href":"https:\/\/webdealta.info\/index.php?rest_route=\/wp\/v2\/posts"}],"about":[{"href":"https:\/\/webdealta.info\/index.php?rest_route=\/wp\/v2\/types\/post"}],"author":[{"embeddable":true,"href":"https:\/\/webdealta.info\/index.php?rest_route=\/wp\/v2\/users\/2"}],"replies":[{"embeddable":true,"href":"https:\/\/webdealta.info\/index.php?rest_route=%2Fwp%2Fv2%2Fcomments&post=8380"}],"version-history":[{"count":1,"href":"https:\/\/webdealta.info\/index.php?rest_route=\/wp\/v2\/posts\/8380\/revisions"}],"predecessor-version":[{"id":8382,"href":"https:\/\/webdealta.info\/index.php?rest_route=\/wp\/v2\/posts\/8380\/revisions\/8382"}],"wp:featuredmedia":[{"embeddable":true,"href":"https:\/\/webdealta.info\/index.php?rest_route=\/wp\/v2\/media\/8381"}],"wp:attachment":[{"href":"https:\/\/webdealta.info\/index.php?rest_route=%2Fwp%2Fv2%2Fmedia&parent=8380"}],"wp:term":[{"taxonomy":"category","embeddable":true,"href":"https:\/\/webdealta.info\/index.php?rest_route=%2Fwp%2Fv2%2Fcategories&post=8380"},{"taxonomy":"post_tag","embeddable":true,"href":"https:\/\/webdealta.info\/index.php?rest_route=%2Fwp%2Fv2%2Ftags&post=8380"}],"curies":[{"name":"wp","href":"https:\/\/api.w.org\/{rel}","templated":true}]}}