{"id":8376,"date":"2024-03-10T20:25:51","date_gmt":"2024-03-11T00:25:51","guid":{"rendered":"https:\/\/webdealta.info\/?p=8376"},"modified":"2024-03-10T20:25:55","modified_gmt":"2024-03-11T00:25:55","slug":"con-caminata-conmemoraron-dia-internacional-de-la-mujer-en-el-orituco","status":"publish","type":"post","link":"https:\/\/webdealta.info\/?p=8376","title":{"rendered":"Con caminata conmemoraron D\u00eda Internacional de la Mujer en el Orituco"},"content":{"rendered":"\n<p>Prensa Alcald\u00eda.- En el marco de la celebraci\u00f3n del D\u00eda Internacional de la Mujer, el municipio Jos\u00e9 Tadeo Monagas llen\u00f3 las principales calles de la ciudad con una gran marcha rosa, organizada por la primera combatiente, Dra. Elsy Rodr\u00edguez, la comisionada del \u00e1rea social municipal, Mar\u00eda Ortu\u00f1o y diferentes autoridades femeninas de la regi\u00f3n.<\/p>\n\n\n\n<p>En esta multitudinaria caminata, el alcalde, Abog. Pedro Sol\u00f3rzano acompa\u00f1\u00f3 el recorrido que parti\u00f3 desde la avenida Ilustres Pr\u00f3ceres y culmin\u00f3 en las adyacencias de la plaza Bol\u00edvar de Altagracia de Orituco.<\/p>\n\n\n\n<p>De igual manera, el Instituto Municipal de la Mujer, directores de la alcald\u00eda, Centro de Desarrollo para la Calidad Educativa, Instituciones educativas, CENAE, ASIC, Ipasme, Frente de Motorizados, equipo pol\u00edtico municipal y parroquial hicieron acto de presencia en esta importante movilizaci\u00f3n.<\/p>\n\n\n\n<p>Para culminar, se concentraron en la plaza Bol\u00edvar d\u00f3nde se llev\u00f3 a cabo una bailoterapia impartida por el instructor Luis Miguel Padr\u00f3n, para de esta manera seguir fomentando la importancia de la actividad f\u00edsica en la salud de las mujeres, de igual forma la animaci\u00f3n estuvo a cargo del profesor Rub\u00e9n Padr\u00f3n.<\/p>\n\n\n\n<p>La primera combatiente, Dra. Elsy Rodr\u00edguez, destac\u00f3 la importancia de conmemorar este d\u00eda y resalt\u00f3 el papel fundamental que desempe\u00f1an las mujeres en la construcci\u00f3n de una sociedad m\u00e1s justa e igualitaria.<\/p>\n\n\n\n<p>As\u00ed mismo, hizo un llamado a continuar luchando por los derechos de las mujeres y a seguir trabajando juntas por un futuro mejor para todas. La marcha rosa fue un evento lleno de alegr\u00eda y compromiso, en el que se demostr\u00f3 el empoderamiento y la fuerza de las mujeres revolucionarias del municipio Jos\u00e9 Tadeo Monagas.  <\/p>\n\n\n\n<p><\/p>\n","protected":false},"excerpt":{"rendered":"<p>Prensa Alcald\u00eda.- En el marco de la celebraci\u00f3n del D\u00eda Internacional de la Mujer, el municipio Jos\u00e9 Tadeo Monagas llen\u00f3 las principales calles de la ciudad con una gran marcha rosa, organizada por la primera combatiente, Dra. Elsy Rodr\u00edguez, la comisionada del \u00e1rea social municipal, Mar\u00eda Ortu\u00f1o y diferentes autoridades<\/p>\n","protected":false},"author":2,"featured_media":8377,"comment_status":"open","ping_status":"open","sticky":false,"template":"","format":"standard","meta":{"advanced_seo_description":"","jetpack_seo_html_title":"","jetpack_seo_noindex":false,"_jetpack_memberships_contains_paid_content":false,"footnotes":"","jetpack_publicize_message":"","jetpack_publicize_feature_enabled":true,"jetpack_social_post_already_shared":true,"jetpack_social_options":{"image_generator_settings":{"template":"highway","enabled":false},"version":2}},"categories":[335,251],"tags":[8,7,32],"class_list":["post-8376","post","type-post","status-publish","format-standard","has-post-thumbnail","hentry","category-locales","category-webdealta","tag-altagraciadeorituco","tag-guarico","tag-webdealta",""],"jetpack_publicize_connections":[],"jetpack_featured_media_url":"https:\/\/webdealta.info\/wp-content\/uploads\/2024\/03\/dia-de-la-mujer-webdealta-2024.png","jetpack_sharing_enabled":true,"jetpack_likes_enabled":true,"jetpack-related-posts":[],"jetpack_shortlink":"https:\/\/wp.me\/pcseDn-2b6","_links":{"self":[{"href":"https:\/\/webdealta.info\/index.php?rest_route=\/wp\/v2\/posts\/8376","targetHints":{"allow":["GET"]}}],"collection":[{"href":"https:\/\/webdealta.info\/index.php?rest_route=\/wp\/v2\/posts"}],"about":[{"href":"https:\/\/webdealta.info\/index.php?rest_route=\/wp\/v2\/types\/post"}],"author":[{"embeddable":true,"href":"https:\/\/webdealta.info\/index.php?rest_route=\/wp\/v2\/users\/2"}],"replies":[{"embeddable":true,"href":"https:\/\/webdealta.info\/index.php?rest_route=%2Fwp%2Fv2%2Fcomments&post=8376"}],"version-history":[{"count":1,"href":"https:\/\/webdealta.info\/index.php?rest_route=\/wp\/v2\/posts\/8376\/revisions"}],"predecessor-version":[{"id":8378,"href":"https:\/\/webdealta.info\/index.php?rest_route=\/wp\/v2\/posts\/8376\/revisions\/8378"}],"wp:featuredmedia":[{"embeddable":true,"href":"https:\/\/webdealta.info\/index.php?rest_route=\/wp\/v2\/media\/8377"}],"wp:attachment":[{"href":"https:\/\/webdealta.info\/index.php?rest_route=%2Fwp%2Fv2%2Fmedia&parent=8376"}],"wp:term":[{"taxonomy":"category","embeddable":true,"href":"https:\/\/webdealta.info\/index.php?rest_route=%2Fwp%2Fv2%2Fcategories&post=8376"},{"taxonomy":"post_tag","embeddable":true,"href":"https:\/\/webdealta.info\/index.php?rest_route=%2Fwp%2Fv2%2Ftags&post=8376"}],"curies":[{"name":"wp","href":"https:\/\/api.w.org\/{rel}","templated":true}]}}