{"id":8371,"date":"2024-03-07T21:10:35","date_gmt":"2024-03-08T01:10:35","guid":{"rendered":"https:\/\/webdealta.info\/?p=8371"},"modified":"2024-03-07T21:38:43","modified_gmt":"2024-03-08T01:38:43","slug":"fluctuaciones-fallas-y-racionamiento-marco-jornada-en-altagracia","status":"publish","type":"post","link":"https:\/\/webdealta.info\/?p=8371","title":{"rendered":"Fluctuaciones, fallas y racionamiento marc\u00f3 jornada en Altagracia"},"content":{"rendered":"\n<p>Amanda Saldivia.-<\/p>\n\n\n\n<p>Este jueves, 7 de marzo, fueron acentuadas las fallas el\u00e9ctricas en la regi\u00f3n del Orituco desde las 10:30 am, jornada que tambi\u00e9n vino acompa\u00f1ada por racionamiento simult\u00e1neo en tres circuitos, algunos por lapsos que superaron las cuatro horas y en medio de un intenso calor, con temperaturas de hasta 35 grados.<\/p>\n\n\n\n<p>Todo esto ocurri\u00f3, en la fecha en la cual se recuerda el mega apag\u00f3n nacional registrado hace 5 a\u00f1os. Entre los testimonios expresados por ciudadanos de distintas comunidades, resalta el de Ana\u00eds Salazar, habitante de San Rafael de Orituco.<\/p>\n\n\n\n<p>Para ella, estar sin energ\u00eda el\u00e9ctrica desde la ma\u00f1ana no es f\u00e1cil. Lo primero es que hay incertidumbre, si se trata de racionamiento o una falla. Esta situaci\u00f3n, dijo que la sume en la \u201ctristeza, porque esos cortes afectan a los ni\u00f1os, adultos mayores, enfermos\u201d,  ya no da m\u00e1s para poder sortear las responsabilidades que tiene como madre y mujer trabajadora.<\/p>\n\n\n\n<p>Desde Camoruco, Jenny Hern\u00e1ndez expres\u00f3 que es agotador pasar cinco horas sin energ\u00eda el\u00e9ctrica, porque las labores del hogar pr\u00e1cticamente se paralizan y ni descansar se puede, debido a las altas temperaturas que se registran en esta zona.<\/p>\n\n\n\n<p>Por otra parte, en los circuitos que tuvieron energ\u00eda este jueves, el servicio no fue estable, porque hubo fallas de 20 minutos y una importante fluctuaci\u00f3n el\u00e9ctrica a las 2:28 pm de la tarde, la cual, de acuerdo a reportes de medios nacional, afect\u00f3 a varios estados del pa\u00eds. \u00a0<\/p>\n\n\n\n<p>El lugar com\u00fan de los testimonios recogidos por la Web de Altagracia, es que Corpoelec al menos diga cu\u00e1ndo es racionamiento o falla, porque en el caso de Camoruco, tuvieron otro corte en horas de la noche de este jueves 7 de marzo, lo que exalt\u00f3 el \u00e1nimo de los vecinos de esa zona, quienes ya tuvieron cinco horas de racionamiento.<\/p>\n\n\n\n<p>@amandasaldivia  <\/p>\n\n\n\n<p><\/p>\n","protected":false},"excerpt":{"rendered":"<p>Amanda Saldivia.- Este jueves, 7 de marzo, fueron acentuadas las fallas el\u00e9ctricas en la regi\u00f3n del Orituco desde las 10:30 am, jornada que tambi\u00e9n vino acompa\u00f1ada por racionamiento simult\u00e1neo en tres circuitos, algunos por lapsos que superaron las cuatro horas y en medio de un intenso calor, con temperaturas de<\/p>\n","protected":false},"author":2,"featured_media":5906,"comment_status":"open","ping_status":"open","sticky":false,"template":"","format":"standard","meta":{"advanced_seo_description":"","jetpack_seo_html_title":"","jetpack_seo_noindex":false,"_jetpack_memberships_contains_paid_content":false,"footnotes":"","jetpack_publicize_message":"","jetpack_publicize_feature_enabled":true,"jetpack_social_post_already_shared":true,"jetpack_social_options":{"image_generator_settings":{"template":"highway","enabled":false},"version":2}},"categories":[122,268,251],"tags":[8,7,32],"class_list":["post-8371","post","type-post","status-publish","format-standard","has-post-thumbnail","hentry","category-electricidad","category-servicios-publicos","category-webdealta","tag-altagraciadeorituco","tag-guarico","tag-webdealta",""],"jetpack_publicize_connections":[],"jetpack_featured_media_url":"https:\/\/webdealta.info\/wp-content\/uploads\/2022\/11\/subestacion-altagracia-webdealta.png","jetpack_sharing_enabled":true,"jetpack_likes_enabled":true,"jetpack-related-posts":[],"jetpack_shortlink":"https:\/\/wp.me\/pcseDn-2b1","_links":{"self":[{"href":"https:\/\/webdealta.info\/index.php?rest_route=\/wp\/v2\/posts\/8371","targetHints":{"allow":["GET"]}}],"collection":[{"href":"https:\/\/webdealta.info\/index.php?rest_route=\/wp\/v2\/posts"}],"about":[{"href":"https:\/\/webdealta.info\/index.php?rest_route=\/wp\/v2\/types\/post"}],"author":[{"embeddable":true,"href":"https:\/\/webdealta.info\/index.php?rest_route=\/wp\/v2\/users\/2"}],"replies":[{"embeddable":true,"href":"https:\/\/webdealta.info\/index.php?rest_route=%2Fwp%2Fv2%2Fcomments&post=8371"}],"version-history":[{"count":2,"href":"https:\/\/webdealta.info\/index.php?rest_route=\/wp\/v2\/posts\/8371\/revisions"}],"predecessor-version":[{"id":8374,"href":"https:\/\/webdealta.info\/index.php?rest_route=\/wp\/v2\/posts\/8371\/revisions\/8374"}],"wp:featuredmedia":[{"embeddable":true,"href":"https:\/\/webdealta.info\/index.php?rest_route=\/wp\/v2\/media\/5906"}],"wp:attachment":[{"href":"https:\/\/webdealta.info\/index.php?rest_route=%2Fwp%2Fv2%2Fmedia&parent=8371"}],"wp:term":[{"taxonomy":"category","embeddable":true,"href":"https:\/\/webdealta.info\/index.php?rest_route=%2Fwp%2Fv2%2Fcategories&post=8371"},{"taxonomy":"post_tag","embeddable":true,"href":"https:\/\/webdealta.info\/index.php?rest_route=%2Fwp%2Fv2%2Ftags&post=8371"}],"curies":[{"name":"wp","href":"https:\/\/api.w.org\/{rel}","templated":true}]}}