{"id":8367,"date":"2024-03-07T20:29:07","date_gmt":"2024-03-08T00:29:07","guid":{"rendered":"https:\/\/webdealta.info\/?p=8367"},"modified":"2024-03-07T20:29:19","modified_gmt":"2024-03-08T00:29:19","slug":"avanza-rehabilitacion-de-la-fundacion-del-nino-en-altagracia","status":"publish","type":"post","link":"https:\/\/webdealta.info\/?p=8367","title":{"rendered":"Avanza rehabilitaci\u00f3n de la Fundaci\u00f3n del Ni\u00f1o en Altagracia"},"content":{"rendered":"\n<p>Sibci Gu\u00e1rico.- En Altagracia de Orituco, capital del municipio Jos\u00e9 Tadeo Monagas, el gobernador Jos\u00e9 V\u00e1squez realiz\u00f3 una inspecci\u00f3n de los trabajos de reconstrucci\u00f3n que est\u00e1n siendo ejecutados en el Centro de Educaci\u00f3n Inicial Gral. Pedro Zaraza, adscrito a la Fundaci\u00f3n Regional El Ni\u00f1o Sim\u00f3n.<\/p>\n\n\n\n<p>En este sentido, el mandatario regional Jos\u00e9 V\u00e1squez enfatiz\u00f3 que este es el centro educaci\u00f3n inicial m\u00e1s grande que posee la entidad llanera, ya que tiene la capacidad de educar a 500 ni\u00f1os y ni\u00f1as de la localidad. \u201cSe est\u00e1 realizando un trabajo de rehabilitaci\u00f3n integral, es decir se est\u00e1 reconstruyendo completamente, para que los m\u00e1s peque\u00f1os puedan formarse aqu\u00ed\u201d, afirm\u00f3 V\u00e1squez, destacando que tambi\u00e9n se est\u00e1 reconstruyendo la cancha que se encuentra en dicho centro educativo.&nbsp;&nbsp;&nbsp;<\/p>\n\n\n\n<p>\u201cVamos a venir en los pr\u00f3ximos d\u00edas\u2026a entregarle este preescolar a los ni\u00f1os y ni\u00f1as gracitanos\u00bb, asever\u00f3 el mandatario regional, puntualizando los trabajos de reconstrucci\u00f3n, que incluyen desde el techo, pisos, y paredes, hasta la rehabilitaci\u00f3n de los ba\u00f1os y aulas.<\/p>\n\n\n\n<p>Asimismo, el alcalde del municipio Jos\u00e9 Tadeo Monagas, Pedro Sol\u00f3rzano, agradeci\u00f3 al presidente Nicol\u00e1s Maduro y al gobernador Jos\u00e9 V\u00e1squez por este hermoso regalo para el pueblo de Orituco, \u00abes incre\u00edble porque lo que se est\u00e1 haciendo es una recuperaci\u00f3n total a este centro que va a beneficiar a nuestros peque\u00f1os, sobre todo a los de este punto y c\u00edrculo\u00bb, concluy\u00f3.<\/p>\n\n\n\n<p>De esta manera, el gobernador Jos\u00e9 V\u00e1squez y todo su equipo contin\u00faan llevando la educaci\u00f3n como una de las principales banderas en la regi\u00f3n llanera, dignificando cada uno de los centros educativos para que los ni\u00f1os y ni\u00f1as guarique\u00f1os puedan formarse en espacios \u00f3ptimos para su desarrollo.  <\/p>\n\n\n\n<p><\/p>\n","protected":false},"excerpt":{"rendered":"<p>Sibci Gu\u00e1rico.- En Altagracia de Orituco, capital del municipio Jos\u00e9 Tadeo Monagas, el gobernador Jos\u00e9 V\u00e1squez realiz\u00f3 una inspecci\u00f3n de los trabajos de reconstrucci\u00f3n que est\u00e1n siendo ejecutados en el Centro de Educaci\u00f3n Inicial Gral. Pedro Zaraza, adscrito a la Fundaci\u00f3n Regional El Ni\u00f1o Sim\u00f3n. En este sentido, el mandatario<\/p>\n","protected":false},"author":2,"featured_media":8368,"comment_status":"open","ping_status":"open","sticky":false,"template":"","format":"standard","meta":{"advanced_seo_description":"","jetpack_seo_html_title":"","jetpack_seo_noindex":false,"_jetpack_memberships_contains_paid_content":false,"footnotes":"","jetpack_publicize_message":"","jetpack_publicize_feature_enabled":true,"jetpack_social_post_already_shared":true,"jetpack_social_options":{"image_generator_settings":{"template":"highway","enabled":false},"version":2}},"categories":[284,251],"tags":[8,7,32],"class_list":["post-8367","post","type-post","status-publish","format-standard","has-post-thumbnail","hentry","category-gobierno-de-guarico","category-webdealta","tag-altagraciadeorituco","tag-guarico","tag-webdealta",""],"jetpack_publicize_connections":[],"jetpack_featured_media_url":"https:\/\/webdealta.info\/wp-content\/uploads\/2024\/03\/fundacion-del-nino-webdealta.png","jetpack_sharing_enabled":true,"jetpack_likes_enabled":true,"jetpack-related-posts":[],"jetpack_shortlink":"https:\/\/wp.me\/pcseDn-2aX","_links":{"self":[{"href":"https:\/\/webdealta.info\/index.php?rest_route=\/wp\/v2\/posts\/8367","targetHints":{"allow":["GET"]}}],"collection":[{"href":"https:\/\/webdealta.info\/index.php?rest_route=\/wp\/v2\/posts"}],"about":[{"href":"https:\/\/webdealta.info\/index.php?rest_route=\/wp\/v2\/types\/post"}],"author":[{"embeddable":true,"href":"https:\/\/webdealta.info\/index.php?rest_route=\/wp\/v2\/users\/2"}],"replies":[{"embeddable":true,"href":"https:\/\/webdealta.info\/index.php?rest_route=%2Fwp%2Fv2%2Fcomments&post=8367"}],"version-history":[{"count":1,"href":"https:\/\/webdealta.info\/index.php?rest_route=\/wp\/v2\/posts\/8367\/revisions"}],"predecessor-version":[{"id":8369,"href":"https:\/\/webdealta.info\/index.php?rest_route=\/wp\/v2\/posts\/8367\/revisions\/8369"}],"wp:featuredmedia":[{"embeddable":true,"href":"https:\/\/webdealta.info\/index.php?rest_route=\/wp\/v2\/media\/8368"}],"wp:attachment":[{"href":"https:\/\/webdealta.info\/index.php?rest_route=%2Fwp%2Fv2%2Fmedia&parent=8367"}],"wp:term":[{"taxonomy":"category","embeddable":true,"href":"https:\/\/webdealta.info\/index.php?rest_route=%2Fwp%2Fv2%2Fcategories&post=8367"},{"taxonomy":"post_tag","embeddable":true,"href":"https:\/\/webdealta.info\/index.php?rest_route=%2Fwp%2Fv2%2Ftags&post=8367"}],"curies":[{"name":"wp","href":"https:\/\/api.w.org\/{rel}","templated":true}]}}