{"id":8350,"date":"2024-03-06T20:39:54","date_gmt":"2024-03-07T00:39:54","guid":{"rendered":"https:\/\/webdealta.info\/?p=8350"},"modified":"2024-03-06T20:40:00","modified_gmt":"2024-03-07T00:40:00","slug":"camara-de-comercio-mas-de-200-personas-atendidas-por-el-seguro-social","status":"publish","type":"post","link":"https:\/\/webdealta.info\/?p=8350","title":{"rendered":"C\u00e1mara de Comercio: m\u00e1s de 200 personas atendidas por el Seguro Social"},"content":{"rendered":"\n<p>Amanda Saldivia.-<\/p>\n\n\n\n<p>A pesar del racionamiento aplicado por Corpoelec, se cumpli\u00f3 con el primer d\u00eda de jornada del Seguro Social en Altagracia de Orituco, con la atenci\u00f3n de m\u00e1s de 200 personas, en su mayor\u00eda adultos mayores que solicitan cambio de banco para cobrar en la localidad la pensi\u00f3n que les corresponde.<\/p>\n\n\n\n<p>Pablo Rojas, presidente de la C\u00e1mara de Comercio, Industria y Producci\u00f3n del municipio Jos\u00e9 Tadeo Monagas, present\u00f3 el balance en el programa Tiempo de Cambios de este mi\u00e9rcoles 6 de marzo, espacio que se transmite por la emisora Activa 104.9 FM, en el cual precis\u00f3 que atendieron con plantas el\u00e9ctricas la contingencia y afortunadamente el personal del Seguro Social de San Juan de los Morros atendi\u00f3 al p\u00fablico hasta las 5:30 pm.<\/p>\n\n\n\n<p>Sobre esta jornada, precis\u00f3 que hace 12 a\u00f1os aproximadamente comenzaron los operativos con el Seguro Social, a los fines de facilitar la atenci\u00f3n de los comerciantes y p\u00fablico en general, iniciativa que con el pasar del tiempo se convirti\u00f3 en un aporte social de la C\u00e1mara.<\/p>\n\n\n\n<p>Por ese motivo, explic\u00f3 que realizan jornadas dos veces al a\u00f1o y para el gremio es satisfactorio contribuir con tantos ciudadanos que por razones econ\u00f3micas o de salud, est\u00e1n limitados a viajar a San Juan de los Morros.<\/p>\n\n\n\n<p>Como en oportunidades anteriores, Pablo Rojas agradeci\u00f3 la colaboraci\u00f3n de comerciantes que aportan la log\u00edstica que requieren los cinco funcionarios del Seguro Social, a quienes buscaron en la madrugada de este mi\u00e9rcoles en San Juan de los Morros, y estar\u00e1n hasta el pr\u00f3ximo viernes  8 de marzo en Altagracia de Orituco, con atenci\u00f3n en la calle Libertad cruce con Ilustres Pr\u00f3ceres, en el estacionamiento de El Rey del San.<\/p>\n\n\n\n<p>@amandasaldivia  <\/p>\n\n\n\n<p><\/p>\n","protected":false},"excerpt":{"rendered":"<p>Amanda Saldivia.- A pesar del racionamiento aplicado por Corpoelec, se cumpli\u00f3 con el primer d\u00eda de jornada del Seguro Social en Altagracia de Orituco, con la atenci\u00f3n de m\u00e1s de 200 personas, en su mayor\u00eda adultos mayores que solicitan cambio de banco para cobrar en la localidad la pensi\u00f3n que<\/p>\n","protected":false},"author":2,"featured_media":8351,"comment_status":"open","ping_status":"open","sticky":false,"template":"","format":"standard","meta":{"advanced_seo_description":"","jetpack_seo_html_title":"","jetpack_seo_noindex":false,"_jetpack_memberships_contains_paid_content":false,"footnotes":"","jetpack_publicize_message":"","jetpack_publicize_feature_enabled":true,"jetpack_social_post_already_shared":true,"jetpack_social_options":{"image_generator_settings":{"template":"highway","enabled":false},"version":2}},"categories":[310,251],"tags":[8,7,32],"class_list":["post-8350","post","type-post","status-publish","format-standard","has-post-thumbnail","hentry","category-camara-de-comercio","category-webdealta","tag-altagraciadeorituco","tag-guarico","tag-webdealta",""],"jetpack_publicize_connections":[],"jetpack_featured_media_url":"https:\/\/webdealta.info\/wp-content\/uploads\/2024\/03\/ivss-2024-pablo-rojas-webdealta.png","jetpack_sharing_enabled":true,"jetpack_likes_enabled":true,"jetpack-related-posts":[],"jetpack_shortlink":"https:\/\/wp.me\/pcseDn-2aG","_links":{"self":[{"href":"https:\/\/webdealta.info\/index.php?rest_route=\/wp\/v2\/posts\/8350","targetHints":{"allow":["GET"]}}],"collection":[{"href":"https:\/\/webdealta.info\/index.php?rest_route=\/wp\/v2\/posts"}],"about":[{"href":"https:\/\/webdealta.info\/index.php?rest_route=\/wp\/v2\/types\/post"}],"author":[{"embeddable":true,"href":"https:\/\/webdealta.info\/index.php?rest_route=\/wp\/v2\/users\/2"}],"replies":[{"embeddable":true,"href":"https:\/\/webdealta.info\/index.php?rest_route=%2Fwp%2Fv2%2Fcomments&post=8350"}],"version-history":[{"count":1,"href":"https:\/\/webdealta.info\/index.php?rest_route=\/wp\/v2\/posts\/8350\/revisions"}],"predecessor-version":[{"id":8352,"href":"https:\/\/webdealta.info\/index.php?rest_route=\/wp\/v2\/posts\/8350\/revisions\/8352"}],"wp:featuredmedia":[{"embeddable":true,"href":"https:\/\/webdealta.info\/index.php?rest_route=\/wp\/v2\/media\/8351"}],"wp:attachment":[{"href":"https:\/\/webdealta.info\/index.php?rest_route=%2Fwp%2Fv2%2Fmedia&parent=8350"}],"wp:term":[{"taxonomy":"category","embeddable":true,"href":"https:\/\/webdealta.info\/index.php?rest_route=%2Fwp%2Fv2%2Fcategories&post=8350"},{"taxonomy":"post_tag","embeddable":true,"href":"https:\/\/webdealta.info\/index.php?rest_route=%2Fwp%2Fv2%2Ftags&post=8350"}],"curies":[{"name":"wp","href":"https:\/\/api.w.org\/{rel}","templated":true}]}}