{"id":8335,"date":"2024-03-04T20:23:48","date_gmt":"2024-03-05T00:23:48","guid":{"rendered":"https:\/\/webdealta.info\/?p=8335"},"modified":"2024-03-04T20:24:13","modified_gmt":"2024-03-05T00:24:13","slug":"por-autogestion-laicos-anunciatos-embellecieron-la-capilla-del-carmen","status":"publish","type":"post","link":"https:\/\/webdealta.info\/?p=8335","title":{"rendered":"Por autogesti\u00f3n Laicos Anunciatos embellecieron la Capilla del Carmen"},"content":{"rendered":"\n<p>Amanda Saldivia.-<\/p>\n\n\n\n<p>Por autogesti\u00f3n, los Laicos Anunciatos, pintaron la fachada de la Capilla del Carmen, como parte de las acciones de mantenimiento de esa edificaci\u00f3n religiosa cuya construcci\u00f3n data del siglo XIX, la cual est\u00e1 ubicada en la calle Juli\u00e1n Mellado cruce con Ilustres Pr\u00f3ceres de Altagracia de Orituco.<\/p>\n\n\n\n<p>Leonardo Lagazzi, miembro de los Laicos Anunciatos, precis\u00f3 que mediante la realizaci\u00f3n de dos rifas compraron los materiales para pintar la fachada, trabajos que se realizaron entre los d\u00edas viernes y s\u00e1bado de la semana pasada.<\/p>\n\n\n\n<p>\u201cQuiero dar gracias a Dios, primeramente, y a todas aquellas personas que han colaborado con las dos rifas para cubrir la obra\u201d, expres\u00f3 Lagazzi al momento de anunciar que los trabajos fueron ejecutados totalmente bajo autogesti\u00f3n y que seguir\u00e1n en la procura de recursos para el mantenimiento que la capilla requiere.<\/p>\n\n\n\n<p>Entre los planes a corto plazo, mencion\u00f3 la recuperaci\u00f3n de la plaza Pr\u00f3spero Infante que est\u00e1 frente a la capilla. Los Laicos tienen previsto pintarla y est\u00e1n coordinando con personal de la alcald\u00eda, para que sea ese ente el que ilumine toda esa \u00e1rea y las calles cercanas.<\/p>\n\n\n\n<p>@amandasaldivia  <\/p>\n\n\n\n<p><\/p>\n","protected":false},"excerpt":{"rendered":"<p>Amanda Saldivia.- Por autogesti\u00f3n, los Laicos Anunciatos, pintaron la fachada de la Capilla del Carmen, como parte de las acciones de mantenimiento de esa edificaci\u00f3n religiosa cuya construcci\u00f3n data del siglo XIX, la cual est\u00e1 ubicada en la calle Juli\u00e1n Mellado cruce con Ilustres Pr\u00f3ceres de Altagracia de Orituco. Leonardo<\/p>\n","protected":false},"author":2,"featured_media":8336,"comment_status":"open","ping_status":"open","sticky":false,"template":"","format":"standard","meta":{"advanced_seo_description":"","jetpack_seo_html_title":"","jetpack_seo_noindex":false,"_jetpack_memberships_contains_paid_content":false,"footnotes":"","jetpack_publicize_message":"","jetpack_publicize_feature_enabled":true,"jetpack_social_post_already_shared":true,"jetpack_social_options":{"image_generator_settings":{"template":"highway","enabled":false},"version":2}},"categories":[50],"tags":[8,7,32],"class_list":["post-8335","post","type-post","status-publish","format-standard","has-post-thumbnail","hentry","category-iniciativas-ciudadanas","tag-altagraciadeorituco","tag-guarico","tag-webdealta",""],"jetpack_publicize_connections":[],"jetpack_featured_media_url":"https:\/\/webdealta.info\/wp-content\/uploads\/2024\/03\/capilla-del-carmen-2024.png","jetpack_sharing_enabled":true,"jetpack_likes_enabled":true,"jetpack-related-posts":[],"jetpack_shortlink":"https:\/\/wp.me\/pcseDn-2ar","_links":{"self":[{"href":"https:\/\/webdealta.info\/index.php?rest_route=\/wp\/v2\/posts\/8335","targetHints":{"allow":["GET"]}}],"collection":[{"href":"https:\/\/webdealta.info\/index.php?rest_route=\/wp\/v2\/posts"}],"about":[{"href":"https:\/\/webdealta.info\/index.php?rest_route=\/wp\/v2\/types\/post"}],"author":[{"embeddable":true,"href":"https:\/\/webdealta.info\/index.php?rest_route=\/wp\/v2\/users\/2"}],"replies":[{"embeddable":true,"href":"https:\/\/webdealta.info\/index.php?rest_route=%2Fwp%2Fv2%2Fcomments&post=8335"}],"version-history":[{"count":1,"href":"https:\/\/webdealta.info\/index.php?rest_route=\/wp\/v2\/posts\/8335\/revisions"}],"predecessor-version":[{"id":8337,"href":"https:\/\/webdealta.info\/index.php?rest_route=\/wp\/v2\/posts\/8335\/revisions\/8337"}],"wp:featuredmedia":[{"embeddable":true,"href":"https:\/\/webdealta.info\/index.php?rest_route=\/wp\/v2\/media\/8336"}],"wp:attachment":[{"href":"https:\/\/webdealta.info\/index.php?rest_route=%2Fwp%2Fv2%2Fmedia&parent=8335"}],"wp:term":[{"taxonomy":"category","embeddable":true,"href":"https:\/\/webdealta.info\/index.php?rest_route=%2Fwp%2Fv2%2Fcategories&post=8335"},{"taxonomy":"post_tag","embeddable":true,"href":"https:\/\/webdealta.info\/index.php?rest_route=%2Fwp%2Fv2%2Ftags&post=8335"}],"curies":[{"name":"wp","href":"https:\/\/api.w.org\/{rel}","templated":true}]}}