{"id":8330,"date":"2024-02-29T21:20:30","date_gmt":"2024-03-01T01:20:30","guid":{"rendered":"https:\/\/webdealta.info\/?p=8330"},"modified":"2024-02-29T21:20:31","modified_gmt":"2024-03-01T01:20:31","slug":"en-altagracia-el-racionamiento-ha-limitado-la-capacidad-de-producir-y-vender","status":"publish","type":"post","link":"https:\/\/webdealta.info\/?p=8330","title":{"rendered":"En Altagracia el racionamiento ha limitado la capacidad de producir y vender"},"content":{"rendered":"\n<p>Amanda Saldivia.-<\/p>\n\n\n\n<p>La C\u00e1mara de Comercio, Industria y Producci\u00f3n del municipio Jos\u00e9 Tadeo Monagas entreg\u00f3 una comunicaci\u00f3n dirigida al general Dario Parra Beltr\u00e1n, gerente territorial de Gu\u00e1rico, en la cual expresan \u201cprofunda preocupaci\u00f3n por los reiterados y constantes cortes el\u00e9ctricos que han estado afectando significativamente la actividad comercial\u201d.<\/p>\n\n\n\n<p>El documento, avalado con la firma de comerciantes de esta regi\u00f3n orituque\u00f1a, fue consignado este jueves 29 de febrero en la sede local de Corpoelec, porque all\u00ed se encontraba el Ing. Osman L\u00f3pez, gerente regional de Distribuci\u00f3n, quien se comprometi\u00f3 a entregarla al general Parra Beltr\u00e1n, al recibir a la comisi\u00f3n integrada por Pablo Rojas, presidente de la C\u00e1mara de Comercio, acompa\u00f1ado por R\u00f3mulo Laya y Sixto Coronil.<\/p>\n\n\n\n<p>Entre los argumentos expresados en la comunicaci\u00f3n est\u00e1 que \u201cen repetidas ocasiones, hemos experimentado interrupciones en el suministro el\u00e9ctrico que se extienden hasta por m\u00e1s de 4 horas consecutivas, impactando negativamente en el desenvolvimiento de nuestras operaciones comerciales. Estos cortes, que suelen ocurrir en las horas pico de trabajo, han generado un descalabro econ\u00f3mico considerable en las zonas residenciales y primordialmente en las principales \u00e1reas comerciales del municipio\u00bb.<\/p>\n\n\n\n<p>Igualmente, se\u00f1alan que \u201cla suspensi\u00f3n del servicio el\u00e9ctrico ha limitado nuestra capacidad para producir y vender, afectando directamente a aquellos comerciantes que cumplen puntualmente con sus obligaciones en el pago de la factura el\u00e9ctrica. Esta situaci\u00f3n se agrava a\u00fan m\u00e1s al considerar que los costos de dicho servicio el\u00e9ctrico contin\u00faan aumentando, lo cual se traduce en un impacto negativo adicional para un sector comercial ya debilitado por la dif\u00edcil situaci\u00f3n econ\u00f3mica local.\u201d<\/p>\n\n\n\n<p>@amandasaldivia <\/p>\n\n\n\n<p><\/p>\n","protected":false},"excerpt":{"rendered":"<p>Amanda Saldivia.- La C\u00e1mara de Comercio, Industria y Producci\u00f3n del municipio Jos\u00e9 Tadeo Monagas entreg\u00f3 una comunicaci\u00f3n dirigida al general Dario Parra Beltr\u00e1n, gerente territorial de Gu\u00e1rico, en la cual expresan \u201cprofunda preocupaci\u00f3n por los reiterados y constantes cortes el\u00e9ctricos que han estado afectando significativamente la actividad comercial\u201d. El documento,<\/p>\n","protected":false},"author":2,"featured_media":8331,"comment_status":"open","ping_status":"open","sticky":false,"template":"","format":"standard","meta":{"advanced_seo_description":"","jetpack_seo_html_title":"","jetpack_seo_noindex":false,"_jetpack_memberships_contains_paid_content":false,"footnotes":"","jetpack_publicize_message":"","jetpack_publicize_feature_enabled":true,"jetpack_social_post_already_shared":true,"jetpack_social_options":{"image_generator_settings":{"template":"highway","enabled":false},"version":2}},"categories":[122,251],"tags":[8,7,32],"class_list":["post-8330","post","type-post","status-publish","format-standard","has-post-thumbnail","hentry","category-electricidad","category-webdealta","tag-altagraciadeorituco","tag-guarico","tag-webdealta",""],"jetpack_publicize_connections":[],"jetpack_featured_media_url":"https:\/\/webdealta.info\/wp-content\/uploads\/2024\/02\/comercio-racionamiento-webdealta.png","jetpack_sharing_enabled":true,"jetpack_likes_enabled":true,"jetpack-related-posts":[],"jetpack_shortlink":"https:\/\/wp.me\/pcseDn-2am","_links":{"self":[{"href":"https:\/\/webdealta.info\/index.php?rest_route=\/wp\/v2\/posts\/8330","targetHints":{"allow":["GET"]}}],"collection":[{"href":"https:\/\/webdealta.info\/index.php?rest_route=\/wp\/v2\/posts"}],"about":[{"href":"https:\/\/webdealta.info\/index.php?rest_route=\/wp\/v2\/types\/post"}],"author":[{"embeddable":true,"href":"https:\/\/webdealta.info\/index.php?rest_route=\/wp\/v2\/users\/2"}],"replies":[{"embeddable":true,"href":"https:\/\/webdealta.info\/index.php?rest_route=%2Fwp%2Fv2%2Fcomments&post=8330"}],"version-history":[{"count":1,"href":"https:\/\/webdealta.info\/index.php?rest_route=\/wp\/v2\/posts\/8330\/revisions"}],"predecessor-version":[{"id":8332,"href":"https:\/\/webdealta.info\/index.php?rest_route=\/wp\/v2\/posts\/8330\/revisions\/8332"}],"wp:featuredmedia":[{"embeddable":true,"href":"https:\/\/webdealta.info\/index.php?rest_route=\/wp\/v2\/media\/8331"}],"wp:attachment":[{"href":"https:\/\/webdealta.info\/index.php?rest_route=%2Fwp%2Fv2%2Fmedia&parent=8330"}],"wp:term":[{"taxonomy":"category","embeddable":true,"href":"https:\/\/webdealta.info\/index.php?rest_route=%2Fwp%2Fv2%2Fcategories&post=8330"},{"taxonomy":"post_tag","embeddable":true,"href":"https:\/\/webdealta.info\/index.php?rest_route=%2Fwp%2Fv2%2Ftags&post=8330"}],"curies":[{"name":"wp","href":"https:\/\/api.w.org\/{rel}","templated":true}]}}