{"id":8325,"date":"2024-02-29T20:48:59","date_gmt":"2024-03-01T00:48:59","guid":{"rendered":"https:\/\/webdealta.info\/?p=8325"},"modified":"2024-02-29T20:49:15","modified_gmt":"2024-03-01T00:49:15","slug":"a-330-anos-de-historia-que-paso-el-primero-de-marzo-de-1694-en-el-orituco","status":"publish","type":"post","link":"https:\/\/webdealta.info\/?p=8325","title":{"rendered":"A 330 a\u00f1os de historia: \u00bfQu\u00e9 pas\u00f3 el primero de marzo de 1694 en el Orituco?"},"content":{"rendered":"\n<p>Amanda Saldivia.-<\/p>\n\n\n\n<p>Otro a\u00f1o se suma a la historia de Altagracia de Orituco. Es importante resaltar que el primero de marzo de 1694 se celebr\u00f3 un acto p\u00fablico en San Miguel del Rosario, poblado que existi\u00f3 para esa \u00e9poca, el cual estaba ubicado en las faldas del cerro Topano. All\u00ed se oficializ\u00f3 el reasentamiento de los ind\u00edgenas en presencia del cacique Don Felipe Chapaiguana y otros indios.<\/p>\n\n\n\n<p>Estos fueron convocados por el capit\u00e1n Nicol\u00e1s Garmendia, Alf\u00e9rez Real y alcalde Ordinario de la ciudad de San Sebasti\u00e1n de los Reyes, quien actuaba a nombre del Rey espa\u00f1ol, hecho que marc\u00f3 el inicio de Altagracia de Orituco, de acuerdo a lo documentado por el Cronista de la Ciudad, el Dr. Carlos L\u00f3pez Garc\u00e9s.<\/p>\n\n\n\n<p>Por esa raz\u00f3n, el primero de marzo se considera el inicio de este poblado guarique\u00f1o, por ser la fecha de aquel acto p\u00fablico en el cual se asign\u00f3 un lote de tierras, con sus linderos espec\u00edficos, a los indios Guaiquer\u00edes.<\/p>\n\n\n\n<p>Entre los argumentos que sustentan el nacimiento de esta poblaci\u00f3n, el cronista ha explicado que Altagracia es consecuencia de la fundaci\u00f3n de San Sebasti\u00e1n de los Reyes, primera comunidad espa\u00f1ola en territorio de lo que es hoy el municipio Monagas.<\/p>\n\n\n\n<p>Precis\u00f3 que \u201cSan Sebasti\u00e1n fue un n\u00facleo de poder desde donde se expandi\u00f3 la conquista espa\u00f1ola de estos territorios del llano venezolano, de San Sebasti\u00e1n surgi\u00f3 el sentido de ocupaci\u00f3n de las tierras del Orituco y eso condujo a la formaci\u00f3n de un pueblo que se llam\u00f3 San Miguel de Orituco\u2026ubicado a las orillas del r\u00edo Orituco, en las faldas del cerro Topano, que luego desaparece por el decaimiento de un sistema econ\u00f3mico social, que se conoc\u00eda como el r\u00e9gimen de encomiendas, eso ocurri\u00f3 hacia 1687\u201d.<\/p>\n\n\n\n<p>Igualmente, destaca que el otorgamiento de este lote de terreno a los ind\u00edgenas Guaiquer\u00edes, es precisamente producto de la ca\u00edda del r\u00e9gimen de encomiendas, porque \u00e9stos \u201claboraban en la hacienda de Jos\u00e9 Salvador de Medina y quedaron pr\u00e1cticamente a la deriva, porque el due\u00f1o de esa hacienda y al mismo tiempo encomendero ya no pod\u00eda continuar con el aprovechamiento de la fuerza de trabajo de esos ind\u00edgenas y se convirtieron en un problema grave, porque estaban acostumbrados a vivir en ese territorio y siguieron haci\u00e9ndolo, a pesar de las contradicciones con Jos\u00e9 Salvador de Medina\u201d.<\/p>\n\n\n\n<p>Esa realidad provoc\u00f3 que Jos\u00e9 Salvador de Medina solicitara al gobernador de Venezuela Francisco de Berroter\u00e1n, que reubicara a los ind\u00edgenas en unas tierras que eran propiedad del Rey y \u201cel primero de marzo de 1694 se present\u00f3 aqu\u00ed en el valle de San Miguel la representaci\u00f3n del cabildo de San Sebasti\u00e1n y ese mismo d\u00eda los ind\u00edgenas procedieron a limpiar los linderos y desde entonces este pueblo es posesionario de esas tierras\u201d. <\/p>\n\n\n\n<p>@amandasaldivia<\/p>\n","protected":false},"excerpt":{"rendered":"<p>Amanda Saldivia.- Otro a\u00f1o se suma a la historia de Altagracia de Orituco. Es importante resaltar que el primero de marzo de 1694 se celebr\u00f3 un acto p\u00fablico en San Miguel del Rosario, poblado que existi\u00f3 para esa \u00e9poca, el cual estaba ubicado en las faldas del cerro Topano. All\u00ed<\/p>\n","protected":false},"author":2,"featured_media":8327,"comment_status":"open","ping_status":"open","sticky":false,"template":"","format":"standard","meta":{"advanced_seo_description":"","jetpack_seo_html_title":"","jetpack_seo_noindex":false,"_jetpack_memberships_contains_paid_content":false,"footnotes":"","jetpack_publicize_message":"","jetpack_publicize_feature_enabled":true,"jetpack_social_post_already_shared":true,"jetpack_social_options":{"image_generator_settings":{"template":"highway","enabled":false},"version":2}},"categories":[179,251],"tags":[8,7,32],"class_list":["post-8325","post","type-post","status-publish","format-standard","has-post-thumbnail","hentry","category-historia-local","category-webdealta","tag-altagraciadeorituco","tag-guarico","tag-webdealta",""],"jetpack_publicize_connections":[],"jetpack_featured_media_url":"https:\/\/webdealta.info\/wp-content\/uploads\/2024\/02\/330-anos-de-altagracia.png","jetpack_sharing_enabled":true,"jetpack_likes_enabled":true,"jetpack-related-posts":[],"jetpack_shortlink":"https:\/\/wp.me\/pcseDn-2ah","_links":{"self":[{"href":"https:\/\/webdealta.info\/index.php?rest_route=\/wp\/v2\/posts\/8325","targetHints":{"allow":["GET"]}}],"collection":[{"href":"https:\/\/webdealta.info\/index.php?rest_route=\/wp\/v2\/posts"}],"about":[{"href":"https:\/\/webdealta.info\/index.php?rest_route=\/wp\/v2\/types\/post"}],"author":[{"embeddable":true,"href":"https:\/\/webdealta.info\/index.php?rest_route=\/wp\/v2\/users\/2"}],"replies":[{"embeddable":true,"href":"https:\/\/webdealta.info\/index.php?rest_route=%2Fwp%2Fv2%2Fcomments&post=8325"}],"version-history":[{"count":1,"href":"https:\/\/webdealta.info\/index.php?rest_route=\/wp\/v2\/posts\/8325\/revisions"}],"predecessor-version":[{"id":8328,"href":"https:\/\/webdealta.info\/index.php?rest_route=\/wp\/v2\/posts\/8325\/revisions\/8328"}],"wp:featuredmedia":[{"embeddable":true,"href":"https:\/\/webdealta.info\/index.php?rest_route=\/wp\/v2\/media\/8327"}],"wp:attachment":[{"href":"https:\/\/webdealta.info\/index.php?rest_route=%2Fwp%2Fv2%2Fmedia&parent=8325"}],"wp:term":[{"taxonomy":"category","embeddable":true,"href":"https:\/\/webdealta.info\/index.php?rest_route=%2Fwp%2Fv2%2Fcategories&post=8325"},{"taxonomy":"post_tag","embeddable":true,"href":"https:\/\/webdealta.info\/index.php?rest_route=%2Fwp%2Fv2%2Ftags&post=8325"}],"curies":[{"name":"wp","href":"https:\/\/api.w.org\/{rel}","templated":true}]}}