{"id":8322,"date":"2024-02-28T20:16:50","date_gmt":"2024-02-29T00:16:50","guid":{"rendered":"https:\/\/webdealta.info\/?p=8322"},"modified":"2024-02-28T20:16:57","modified_gmt":"2024-02-29T00:16:57","slug":"inicio-colocacion-del-avion-tucano-en-el-distribuidor-cap-manuel-rios","status":"publish","type":"post","link":"https:\/\/webdealta.info\/?p=8322","title":{"rendered":"Inici\u00f3 colocaci\u00f3n del avi\u00f3n Tucano en el distribuidor Cap. Manuel R\u00edos"},"content":{"rendered":"\n<p>Amanda Saldivia.-<\/p>\n\n\n\n<p>Inici\u00f3 el proceso de colocaci\u00f3n del avi\u00f3n T27 Tucano, en el pedestal ubicado en el distribuidor Cap. Manuel R\u00edos de Altagracia de Orituco, obra en ejecuci\u00f3n con aportes de las tres instancias de gobierno, como un tributo a la memoria del primer piloto aviador militar que surc\u00f3 el cielo patrio el 14 de abril de 1921 y que naci\u00f3 en esta poblaci\u00f3n guarique\u00f1a.<\/p>\n\n\n\n<p>El alcalde Pedro Sol\u00f3rzano calific\u00f3 el hecho como hist\u00f3rico, porque desde hace 33 a\u00f1os se conoc\u00eda del sue\u00f1o de j\u00f3venes gracitanos que pertenec\u00edan a la aviaci\u00f3n militar y que insist\u00edan en que deb\u00eda resaltarse en nombre del Cap. Manuel R\u00edos por la haza\u00f1a lograda con la colocaci\u00f3n de un avi\u00f3n en la entrada Altagracia, por ser \u00e9sta tierra de aviadores.<\/p>\n\n\n\n<p>El primer mandatario local dijo que, entre los promotores de esta iniciativa en el a\u00f1o 1991, estuvo Carlos Padilla, actualmente radicado en Argentina y el Mayor General Santiago Infante, comandante de la Aviaci\u00f3n Militar Bolivariana, quien para ese a\u00f1o era teniente y particip\u00f3 en los encuentros donde se proyectaba que hab\u00eda que visibilizar en tierra gracitana la figura del Cap. Manuel R\u00edos.<\/p>\n\n\n\n<p>Al concretarse otra etapa de esa obra, el alcalde expres\u00f3 sentirse \u201chonrado, feliz, porque es un proyecto, una ilusi\u00f3n de muchos gracitanos\u2026estoy agradecido primeramente a Dios por darme la oportunidad de lograr esto, junto a un grupo de hombres y mujeres de trabajo, gente de nuestro pueblo\u201d.<\/p>\n\n\n\n<p>Sobre los aportes para lograr los avances de este distribuidor, actualmente en ejecuci\u00f3n, mencion\u00f3 al gobierno nacional, regional, a la misi\u00f3n Venezuela Bella y a la comandancia general de la aviaci\u00f3n.<\/p>\n\n\n\n<p>Es importante resaltar, que la colocaci\u00f3n del avi\u00f3n T27 Tucano es una de las etapas de este distribuidor Cap. Manuel R\u00edos, porque todav\u00eda falta la correcci\u00f3n de botes de aguas blancas que ser\u00e1n atendidos por Hidrop\u00e1ez, asfaltado, iluminaci\u00f3n y el acondicionamiento de las \u00e1reas verdes que contempla este proyecto.<\/p>\n\n\n\n<p>@amandasaldivia <\/p>\n\n\n\n<p><\/p>\n","protected":false},"excerpt":{"rendered":"<p>Amanda Saldivia.- Inici\u00f3 el proceso de colocaci\u00f3n del avi\u00f3n T27 Tucano, en el pedestal ubicado en el distribuidor Cap. Manuel R\u00edos de Altagracia de Orituco, obra en ejecuci\u00f3n con aportes de las tres instancias de gobierno, como un tributo a la memoria del primer piloto aviador militar que surc\u00f3 el<\/p>\n","protected":false},"author":2,"featured_media":8323,"comment_status":"open","ping_status":"open","sticky":false,"template":"","format":"standard","meta":{"advanced_seo_description":"","jetpack_seo_html_title":"","jetpack_seo_noindex":false,"_jetpack_memberships_contains_paid_content":false,"footnotes":"","jetpack_publicize_message":"","jetpack_publicize_feature_enabled":true,"jetpack_social_post_already_shared":true,"jetpack_social_options":{"image_generator_settings":{"template":"highway","enabled":false},"version":2}},"categories":[335,251],"tags":[8,7,32],"class_list":["post-8322","post","type-post","status-publish","format-standard","has-post-thumbnail","hentry","category-locales","category-webdealta","tag-altagraciadeorituco","tag-guarico","tag-webdealta",""],"jetpack_publicize_connections":[],"jetpack_featured_media_url":"https:\/\/webdealta.info\/wp-content\/uploads\/2024\/02\/alcalde-pedro-avion-webdealta.png","jetpack_sharing_enabled":true,"jetpack_likes_enabled":true,"jetpack-related-posts":[],"jetpack_shortlink":"https:\/\/wp.me\/pcseDn-2ae","_links":{"self":[{"href":"https:\/\/webdealta.info\/index.php?rest_route=\/wp\/v2\/posts\/8322","targetHints":{"allow":["GET"]}}],"collection":[{"href":"https:\/\/webdealta.info\/index.php?rest_route=\/wp\/v2\/posts"}],"about":[{"href":"https:\/\/webdealta.info\/index.php?rest_route=\/wp\/v2\/types\/post"}],"author":[{"embeddable":true,"href":"https:\/\/webdealta.info\/index.php?rest_route=\/wp\/v2\/users\/2"}],"replies":[{"embeddable":true,"href":"https:\/\/webdealta.info\/index.php?rest_route=%2Fwp%2Fv2%2Fcomments&post=8322"}],"version-history":[{"count":1,"href":"https:\/\/webdealta.info\/index.php?rest_route=\/wp\/v2\/posts\/8322\/revisions"}],"predecessor-version":[{"id":8324,"href":"https:\/\/webdealta.info\/index.php?rest_route=\/wp\/v2\/posts\/8322\/revisions\/8324"}],"wp:featuredmedia":[{"embeddable":true,"href":"https:\/\/webdealta.info\/index.php?rest_route=\/wp\/v2\/media\/8323"}],"wp:attachment":[{"href":"https:\/\/webdealta.info\/index.php?rest_route=%2Fwp%2Fv2%2Fmedia&parent=8322"}],"wp:term":[{"taxonomy":"category","embeddable":true,"href":"https:\/\/webdealta.info\/index.php?rest_route=%2Fwp%2Fv2%2Fcategories&post=8322"},{"taxonomy":"post_tag","embeddable":true,"href":"https:\/\/webdealta.info\/index.php?rest_route=%2Fwp%2Fv2%2Ftags&post=8322"}],"curies":[{"name":"wp","href":"https:\/\/api.w.org\/{rel}","templated":true}]}}