{"id":8318,"date":"2024-02-27T21:10:45","date_gmt":"2024-02-28T01:10:45","guid":{"rendered":"https:\/\/webdealta.info\/?p=8318"},"modified":"2024-02-27T21:10:55","modified_gmt":"2024-02-28T01:10:55","slug":"en-directo-con-los-medios-gobernador-ratifico-plan-ciudad-en-altagracia","status":"publish","type":"post","link":"https:\/\/webdealta.info\/?p=8318","title":{"rendered":"En Directo con los Medios: gobernador ratific\u00f3 Plan Ciudad en Altagracia"},"content":{"rendered":"\n<p>Amanda Saldivia.-<\/p>\n\n\n\n<p>En el programa En Directo con los Medios, el gobernador Jos\u00e9 V\u00e1squez ratific\u00f3 que este a\u00f1o 2024 se le dar\u00e1 continuidad al Plan Ciudad en Altagracia de Orituco, el cual incluye 1000 toneladas de asfalto para bacheo de algunas calles, sem\u00e1foros y otras obras relacionadas con el tr\u00e1nsito.<\/p>\n\n\n\n<p>Esa fue la respuesta dada por el primer mandatario regional, ante la pregunta formulada por este medio digital, en virtud de que han transcurrido 5 meses desde que \u00e9l hizo el anuncio de la disponibilidad de 1000 toneladas de asfalto y solo se realiz\u00f3 el bacheo de algunos puntos de la calle Ilustres Pr\u00f3ceres.<\/p>\n\n\n\n<p>Igualmente, al formular la pregunta por medio de mensajer\u00eda de voz de WhatsApp, se record\u00f3 que Altagracia cumplir\u00e1 330 a\u00f1os de historia el pr\u00f3ximo viernes primero de marzo, fecha que podr\u00eda ser tomada en cuenta para darle el \u201cregalo\u201d que merece.<\/p>\n\n\n\n<p>\u201cNosotros fuimos y tenemos aprobadas 1000 toneladas de asfalto\u2026nosotros vamos a acelerar por los 330 a\u00f1os de Altagracia, no tiene justificaci\u00f3n\u201d, expres\u00f3 el gobernador Jos\u00e9 V\u00e1squez, al tiempo que comision\u00f3 a Sergio Rodr\u00edguez y a la Ing. Marycarmen Monsalve, secretaria ejecutiva del \u00e1rea de Obras y Servicios P\u00fablicos del Gobierno de Gu\u00e1rico y presidenta de Construvialgua, para que ejecuten la obra.<\/p>\n\n\n\n<p>Igualmente, el gobernador anunci\u00f3 que fueron aprobados recursos para culminar la rehabilitaci\u00f3n de la Fundaci\u00f3n del Ni\u00f1o (preescolar Pedro Zaraza), as\u00ed como tambi\u00e9n que sostendr\u00e1 un encuentro con ministros para abordar el tema del Plan Nacional de Asfaltado.<\/p>\n\n\n\n<p>Por su parte, la Ing. Marycarmen Monsalve, expres\u00f3 que el Plan Ciudad est\u00e1 en ejecuci\u00f3n, que se instalaron m\u00e1s de 300 luminarias y que previo al asfaltado era necesario reparar botes de aguas blancas y servidas.<\/p>\n\n\n\n<p>Sobre el asfaltado, se\u00f1al\u00f3 que la semana entrante podr\u00edan llegar las primeras toneladas para el bacheo, responsabilidad que era compartida con el alcalde Pedro Sol\u00f3rzano.<\/p>\n\n\n\n<p>@amandasaldivia  <\/p>\n\n\n\n<p><\/p>\n","protected":false},"excerpt":{"rendered":"<p>Amanda Saldivia.- En el programa En Directo con los Medios, el gobernador Jos\u00e9 V\u00e1squez ratific\u00f3 que este a\u00f1o 2024 se le dar\u00e1 continuidad al Plan Ciudad en Altagracia de Orituco, el cual incluye 1000 toneladas de asfalto para bacheo de algunas calles, sem\u00e1foros y otras obras relacionadas con el tr\u00e1nsito.<\/p>\n","protected":false},"author":2,"featured_media":8319,"comment_status":"open","ping_status":"open","sticky":false,"template":"","format":"standard","meta":{"advanced_seo_description":"","jetpack_seo_html_title":"","jetpack_seo_noindex":false,"_jetpack_memberships_contains_paid_content":false,"footnotes":"","jetpack_publicize_message":"","jetpack_publicize_feature_enabled":true,"jetpack_social_post_already_shared":true,"jetpack_social_options":{"image_generator_settings":{"template":"highway","enabled":false},"version":2}},"categories":[284,251],"tags":[8,7,32],"class_list":["post-8318","post","type-post","status-publish","format-standard","has-post-thumbnail","hentry","category-gobierno-de-guarico","category-webdealta","tag-altagraciadeorituco","tag-guarico","tag-webdealta",""],"jetpack_publicize_connections":[],"jetpack_featured_media_url":"https:\/\/webdealta.info\/wp-content\/uploads\/2024\/02\/en-directo-con-los-medios-webdealta.png","jetpack_sharing_enabled":true,"jetpack_likes_enabled":true,"jetpack-related-posts":[],"jetpack_shortlink":"https:\/\/wp.me\/pcseDn-2aa","_links":{"self":[{"href":"https:\/\/webdealta.info\/index.php?rest_route=\/wp\/v2\/posts\/8318","targetHints":{"allow":["GET"]}}],"collection":[{"href":"https:\/\/webdealta.info\/index.php?rest_route=\/wp\/v2\/posts"}],"about":[{"href":"https:\/\/webdealta.info\/index.php?rest_route=\/wp\/v2\/types\/post"}],"author":[{"embeddable":true,"href":"https:\/\/webdealta.info\/index.php?rest_route=\/wp\/v2\/users\/2"}],"replies":[{"embeddable":true,"href":"https:\/\/webdealta.info\/index.php?rest_route=%2Fwp%2Fv2%2Fcomments&post=8318"}],"version-history":[{"count":1,"href":"https:\/\/webdealta.info\/index.php?rest_route=\/wp\/v2\/posts\/8318\/revisions"}],"predecessor-version":[{"id":8320,"href":"https:\/\/webdealta.info\/index.php?rest_route=\/wp\/v2\/posts\/8318\/revisions\/8320"}],"wp:featuredmedia":[{"embeddable":true,"href":"https:\/\/webdealta.info\/index.php?rest_route=\/wp\/v2\/media\/8319"}],"wp:attachment":[{"href":"https:\/\/webdealta.info\/index.php?rest_route=%2Fwp%2Fv2%2Fmedia&parent=8318"}],"wp:term":[{"taxonomy":"category","embeddable":true,"href":"https:\/\/webdealta.info\/index.php?rest_route=%2Fwp%2Fv2%2Fcategories&post=8318"},{"taxonomy":"post_tag","embeddable":true,"href":"https:\/\/webdealta.info\/index.php?rest_route=%2Fwp%2Fv2%2Ftags&post=8318"}],"curies":[{"name":"wp","href":"https:\/\/api.w.org\/{rel}","templated":true}]}}