{"id":8307,"date":"2024-02-25T21:31:39","date_gmt":"2024-02-26T01:31:39","guid":{"rendered":"https:\/\/webdealta.info\/?p=8307"},"modified":"2024-02-25T21:32:08","modified_gmt":"2024-02-26T01:32:08","slug":"faemsb-represento-a-guarico-en-congreso-internacional-de-cultura-ancestral","status":"publish","type":"post","link":"https:\/\/webdealta.info\/?p=8307","title":{"rendered":"FAEMSB represent\u00f3 a Gu\u00e1rico en Congreso Internacional de Cultura Ancestral"},"content":{"rendered":"\n<p>Desde el Teatro Sim\u00f3n Rodr\u00edguez de Caracas, la Direcci\u00f3n de Cultura y Arte de la Alcald\u00eda Bolivariana del municipio Jos\u00e9 Tadeo Monagas, acompa\u00f1\u00f3 a la Secretar\u00eda del CNEV Cap\u00edtulo Gu\u00e1rico, Sra. Maribi Ruiz y a la Fundaci\u00f3n de Artes Esc\u00e9nicas y Musicales Santa B\u00e1rbara (FAEMSB), al Congreso Internacional de Cultura Ancestral y Religiones.<\/p>\n\n\n\n<p>El evento se realiz\u00f3 en horas de la ma\u00f1ana del s\u00e1bado 24 de febrero, con la presencia de una delegaci\u00f3n del municipio Monagas, integrada por 42 personas, quienes representaron al estado Gu\u00e1rico con dos muestras, la afrocubana y Mi Esencia Afro; en presencia de diversas autoridades y l\u00edderes religiosos del \u00e1mbito nacional, para llevar y transmitir ese di\u00e1logo de paz y de uni\u00f3n entre cada manifestaci\u00f3n de fe, recordando que somos un estado laico, pluricultural y multi\u00e9tnico.<\/p>\n\n\n\n<p>La Fundaci\u00f3n de Artes Esc\u00e9nicas y Musicales Santa B\u00e1rbara una vez m\u00e1s reivindic\u00f3 en el escenario a esos personajes afrodescendientes que son parte de la historia y que hoy por hoy siguen vigentes, ya que estamos hechos de danzas, sue\u00f1os y cantos de maestros ancestrales. Por nuestra sangre corre la magia de miles de historias que debemos visibilizar.<\/p>\n\n\n\n<p>Agradecemos al alcalde Abog. Pedro Solorzano por apoyar a la participaci\u00f3n de actividades para un crecimiento cultural ancestral a las agrupaciones e instituciones culturales, bajo las Transformaciones emanadas por el presidente Nicol\u00e1s Maduro, y a su vez el Ministerio de Cultura Ernesto Villegas, que van de la mano de la Gran Misi\u00f3n Viva Venezuela.<\/p>\n\n\n\n<p>Prensa FAEMSB  <\/p>\n\n\n\n<p><\/p>\n","protected":false},"excerpt":{"rendered":"<p>Desde el Teatro Sim\u00f3n Rodr\u00edguez de Caracas, la Direcci\u00f3n de Cultura y Arte de la Alcald\u00eda Bolivariana del municipio Jos\u00e9 Tadeo Monagas, acompa\u00f1\u00f3 a la Secretar\u00eda del CNEV Cap\u00edtulo Gu\u00e1rico, Sra. Maribi Ruiz y a la Fundaci\u00f3n de Artes Esc\u00e9nicas y Musicales Santa B\u00e1rbara (FAEMSB), al Congreso Internacional de Cultura<\/p>\n","protected":false},"author":2,"featured_media":8308,"comment_status":"open","ping_status":"open","sticky":false,"template":"","format":"standard","meta":{"advanced_seo_description":"","jetpack_seo_html_title":"","jetpack_seo_noindex":false,"_jetpack_memberships_contains_paid_content":false,"footnotes":"","jetpack_publicize_message":"","jetpack_publicize_feature_enabled":true,"jetpack_social_post_already_shared":true,"jetpack_social_options":{"image_generator_settings":{"template":"highway","enabled":false},"version":2}},"categories":[327,251],"tags":[8,7,32],"class_list":["post-8307","post","type-post","status-publish","format-standard","has-post-thumbnail","hentry","category-cultura","category-webdealta","tag-altagraciadeorituco","tag-guarico","tag-webdealta",""],"jetpack_publicize_connections":[],"jetpack_featured_media_url":"https:\/\/webdealta.info\/wp-content\/uploads\/2024\/02\/faemsb-webdealta-jean-castrillo.png","jetpack_sharing_enabled":true,"jetpack_likes_enabled":true,"jetpack-related-posts":[],"jetpack_shortlink":"https:\/\/wp.me\/pcseDn-29Z","_links":{"self":[{"href":"https:\/\/webdealta.info\/index.php?rest_route=\/wp\/v2\/posts\/8307","targetHints":{"allow":["GET"]}}],"collection":[{"href":"https:\/\/webdealta.info\/index.php?rest_route=\/wp\/v2\/posts"}],"about":[{"href":"https:\/\/webdealta.info\/index.php?rest_route=\/wp\/v2\/types\/post"}],"author":[{"embeddable":true,"href":"https:\/\/webdealta.info\/index.php?rest_route=\/wp\/v2\/users\/2"}],"replies":[{"embeddable":true,"href":"https:\/\/webdealta.info\/index.php?rest_route=%2Fwp%2Fv2%2Fcomments&post=8307"}],"version-history":[{"count":1,"href":"https:\/\/webdealta.info\/index.php?rest_route=\/wp\/v2\/posts\/8307\/revisions"}],"predecessor-version":[{"id":8309,"href":"https:\/\/webdealta.info\/index.php?rest_route=\/wp\/v2\/posts\/8307\/revisions\/8309"}],"wp:featuredmedia":[{"embeddable":true,"href":"https:\/\/webdealta.info\/index.php?rest_route=\/wp\/v2\/media\/8308"}],"wp:attachment":[{"href":"https:\/\/webdealta.info\/index.php?rest_route=%2Fwp%2Fv2%2Fmedia&parent=8307"}],"wp:term":[{"taxonomy":"category","embeddable":true,"href":"https:\/\/webdealta.info\/index.php?rest_route=%2Fwp%2Fv2%2Fcategories&post=8307"},{"taxonomy":"post_tag","embeddable":true,"href":"https:\/\/webdealta.info\/index.php?rest_route=%2Fwp%2Fv2%2Ftags&post=8307"}],"curies":[{"name":"wp","href":"https:\/\/api.w.org\/{rel}","templated":true}]}}