{"id":8303,"date":"2024-02-25T21:11:31","date_gmt":"2024-02-26T01:11:31","guid":{"rendered":"https:\/\/webdealta.info\/?p=8303"},"modified":"2024-02-25T21:11:32","modified_gmt":"2024-02-26T01:11:32","slug":"comerciantes-rechazan-racionamiento-en-horas-de-mayor-consumo","status":"publish","type":"post","link":"https:\/\/webdealta.info\/?p=8303","title":{"rendered":"Comerciantes rechazan racionamiento en horas de mayor consumo"},"content":{"rendered":"\n<p>Amanda Saldivia.-<\/p>\n\n\n\n<p>La expectativa, de este lunes 26 de febrero, est\u00e1 centrada en la comunicaci\u00f3n que ser\u00e1 remitida a Corpoelec Valle de la Pascua por la C\u00e1mara de Comercio del municipio Jos\u00e9 Tadeo Monagas, con sede en la capital Altagracia de Orituco, en la cual exigir\u00e1n que cese el racionamiento, porque este \u201cmata\u201d la ya comprimida econom\u00eda de esta regi\u00f3n del estado Gu\u00e1rico.<\/p>\n\n\n\n<p>El texto, de acuerdo a los explicado por Pablo Rojas, presidente de ese gremio, no solo pretender exponer la situaci\u00f3n que enfrentan los comerciantes ante los cortes prolongados y en los horarios de mayor presencia de consumidores, sino tambi\u00e9n lo que sufren los ciudadanos en general.<\/p>\n\n\n\n<p>En conversaci\u00f3n sostenida con el equipo de la Web de Altagracia, Rojas mencion\u00f3 que tampoco hay certeza de cu\u00e1ndo es racionamiento, cu\u00e1nto durar\u00e1 o si es una falla, lo que deja al comerciante en la incertidumbre.<\/p>\n\n\n\n<p>A esa realidad, se suma que actualmente Corpoelec emprendi\u00f3 una campa\u00f1a de cobro de facturas atrasadas, que si bien es cierto el comerciante tiene que honrar, llega en el peor momento, porque los cortes no cesan, acot\u00f3 el presidente de la C\u00e1mara de Comercio.<\/p>\n\n\n\n<p>@amandasaldivia  <\/p>\n\n\n\n<p><\/p>\n","protected":false},"excerpt":{"rendered":"<p>Amanda Saldivia.- La expectativa, de este lunes 26 de febrero, est\u00e1 centrada en la comunicaci\u00f3n que ser\u00e1 remitida a Corpoelec Valle de la Pascua por la C\u00e1mara de Comercio del municipio Jos\u00e9 Tadeo Monagas, con sede en la capital Altagracia de Orituco, en la cual exigir\u00e1n que cese el racionamiento,<\/p>\n","protected":false},"author":2,"featured_media":8304,"comment_status":"open","ping_status":"open","sticky":false,"template":"","format":"standard","meta":{"advanced_seo_description":"","jetpack_seo_html_title":"","jetpack_seo_noindex":false,"_jetpack_memberships_contains_paid_content":false,"footnotes":"","jetpack_publicize_message":"","jetpack_publicize_feature_enabled":true,"jetpack_social_post_already_shared":true,"jetpack_social_options":{"image_generator_settings":{"template":"highway","enabled":false},"version":2}},"categories":[122,251],"tags":[8,7,32],"class_list":["post-8303","post","type-post","status-publish","format-standard","has-post-thumbnail","hentry","category-electricidad","category-webdealta","tag-altagraciadeorituco","tag-guarico","tag-webdealta",""],"jetpack_publicize_connections":[],"jetpack_featured_media_url":"https:\/\/webdealta.info\/wp-content\/uploads\/2024\/02\/comercio-webdealta-2024.png","jetpack_sharing_enabled":true,"jetpack_likes_enabled":true,"jetpack-related-posts":[],"jetpack_shortlink":"https:\/\/wp.me\/pcseDn-29V","_links":{"self":[{"href":"https:\/\/webdealta.info\/index.php?rest_route=\/wp\/v2\/posts\/8303","targetHints":{"allow":["GET"]}}],"collection":[{"href":"https:\/\/webdealta.info\/index.php?rest_route=\/wp\/v2\/posts"}],"about":[{"href":"https:\/\/webdealta.info\/index.php?rest_route=\/wp\/v2\/types\/post"}],"author":[{"embeddable":true,"href":"https:\/\/webdealta.info\/index.php?rest_route=\/wp\/v2\/users\/2"}],"replies":[{"embeddable":true,"href":"https:\/\/webdealta.info\/index.php?rest_route=%2Fwp%2Fv2%2Fcomments&post=8303"}],"version-history":[{"count":1,"href":"https:\/\/webdealta.info\/index.php?rest_route=\/wp\/v2\/posts\/8303\/revisions"}],"predecessor-version":[{"id":8305,"href":"https:\/\/webdealta.info\/index.php?rest_route=\/wp\/v2\/posts\/8303\/revisions\/8305"}],"wp:featuredmedia":[{"embeddable":true,"href":"https:\/\/webdealta.info\/index.php?rest_route=\/wp\/v2\/media\/8304"}],"wp:attachment":[{"href":"https:\/\/webdealta.info\/index.php?rest_route=%2Fwp%2Fv2%2Fmedia&parent=8303"}],"wp:term":[{"taxonomy":"category","embeddable":true,"href":"https:\/\/webdealta.info\/index.php?rest_route=%2Fwp%2Fv2%2Fcategories&post=8303"},{"taxonomy":"post_tag","embeddable":true,"href":"https:\/\/webdealta.info\/index.php?rest_route=%2Fwp%2Fv2%2Ftags&post=8303"}],"curies":[{"name":"wp","href":"https:\/\/api.w.org\/{rel}","templated":true}]}}