{"id":8282,"date":"2024-02-18T21:23:58","date_gmt":"2024-02-19T01:23:58","guid":{"rendered":"https:\/\/webdealta.info\/?p=8282"},"modified":"2024-02-18T21:32:06","modified_gmt":"2024-02-19T01:32:06","slug":"con-eucaristia-celebraron-la-jornada-nacional-de-la-juventud","status":"publish","type":"post","link":"https:\/\/webdealta.info\/?p=8282","title":{"rendered":"Con eucarist\u00eda celebraron la Jornada Nacional de la Juventud"},"content":{"rendered":"\n<p>El lema \u00abJoven venezolano, vive alegre en la esperanza\u00bb identific\u00f3 este a\u00f1o 2024 la Jornada Nacional de la Juventud, que se celebr\u00f3 simult\u00e1neamente en el pa\u00eds, incluidos los templos del arciprestazgo Beata Madre Candelaria de San Jos\u00e9, que pertenecen a la Di\u00f3cesis de Valle de la Pascua.<\/p>\n\n\n\n<p>De acuerdo a lo expresado por Andy Laya, coordinador arciprestal de la Pastoral Juvenil de la parroquia San Jos\u00e9 Obrero, fue un espacio de celebraci\u00f3n de la fe en el seno de la comunidad parroquial en el cual m\u00e1s de 50 j\u00f3venes \u201cagradecieron a Dios el amor y misericordia que manifiesta para ellos en lo cotidiano de la vida; y le ofrecieron sus dones y talentos con disposici\u00f3n de servirle especialmente en los j\u00f3venes que llevan sobre ellos pesadas cargas de dolor y sufrimiento\u201d.<\/p>\n\n\n\n<p>En un contacto con la Web de Altagracia, dijo que hubo eucarist\u00edas con los j\u00f3venes en las parroquias Nuestra Se\u00f1ora de los Dolores, San Rafael Arc\u00e1ngel, San Francisco de Padua, Guaribe y Paso Real de Macaira.<\/p>\n\n\n\n<p>Para este integrante de la Pastoral Juvenil de la parroquia San Jos\u00e9 Obrero, la eucarist\u00eda guiada por el padre Luis M\u00e1rquez, tuvo un \u201cmomento significativo al bendecir a los j\u00f3venes, quienes oraron, implorando al Esp\u00edritu Santo se derrame en la vida de los j\u00f3venes de nuestra parroquia, para que, fortalecidos, puedan siempre vivir alegres en la esperanza y diligentes en la caridad\u201d.<\/p>\n\n\n\n<p>Al finalizar la eucarist\u00eda, dijo que agradecieron a la comunidad parroquial los aportes dados en la colecta de la JNJ y se les pidi\u00f3 \u00abacompa\u00f1ar con la oraci\u00f3n el camino preparatorio para el XI EDIJO a celebrarse en nuestro Arciprestazgo el pr\u00f3ximo mes de julio\u00bb.<\/p>\n\n\n\n<p><\/p>\n","protected":false},"excerpt":{"rendered":"<p>El lema \u00abJoven venezolano, vive alegre en la esperanza\u00bb identific\u00f3 este a\u00f1o 2024 la Jornada Nacional de la Juventud, que se celebr\u00f3 simult\u00e1neamente en el pa\u00eds, incluidos los templos del arciprestazgo Beata Madre Candelaria de San Jos\u00e9, que pertenecen a la Di\u00f3cesis de Valle de la Pascua. De acuerdo a<\/p>\n","protected":false},"author":2,"featured_media":8283,"comment_status":"open","ping_status":"open","sticky":false,"template":"","format":"standard","meta":{"advanced_seo_description":"","jetpack_seo_html_title":"","jetpack_seo_noindex":false,"_jetpack_memberships_contains_paid_content":false,"footnotes":"","jetpack_publicize_message":"","jetpack_publicize_feature_enabled":true,"jetpack_social_post_already_shared":true,"jetpack_social_options":{"image_generator_settings":{"template":"highway","enabled":false},"version":2}},"categories":[42,335,251],"tags":[8,7,32],"class_list":["post-8282","post","type-post","status-publish","format-standard","has-post-thumbnail","hentry","category-iglesia-catolica","category-locales","category-webdealta","tag-altagraciadeorituco","tag-guarico","tag-webdealta",""],"jetpack_publicize_connections":[],"jetpack_featured_media_url":"https:\/\/webdealta.info\/wp-content\/uploads\/2024\/02\/jnj-webdealta-parroquia-san-jose-obrero-padre-luis-marquez.png","jetpack_sharing_enabled":true,"jetpack_likes_enabled":true,"jetpack-related-posts":[],"jetpack_shortlink":"https:\/\/wp.me\/pcseDn-29A","_links":{"self":[{"href":"https:\/\/webdealta.info\/index.php?rest_route=\/wp\/v2\/posts\/8282","targetHints":{"allow":["GET"]}}],"collection":[{"href":"https:\/\/webdealta.info\/index.php?rest_route=\/wp\/v2\/posts"}],"about":[{"href":"https:\/\/webdealta.info\/index.php?rest_route=\/wp\/v2\/types\/post"}],"author":[{"embeddable":true,"href":"https:\/\/webdealta.info\/index.php?rest_route=\/wp\/v2\/users\/2"}],"replies":[{"embeddable":true,"href":"https:\/\/webdealta.info\/index.php?rest_route=%2Fwp%2Fv2%2Fcomments&post=8282"}],"version-history":[{"count":3,"href":"https:\/\/webdealta.info\/index.php?rest_route=\/wp\/v2\/posts\/8282\/revisions"}],"predecessor-version":[{"id":8286,"href":"https:\/\/webdealta.info\/index.php?rest_route=\/wp\/v2\/posts\/8282\/revisions\/8286"}],"wp:featuredmedia":[{"embeddable":true,"href":"https:\/\/webdealta.info\/index.php?rest_route=\/wp\/v2\/media\/8283"}],"wp:attachment":[{"href":"https:\/\/webdealta.info\/index.php?rest_route=%2Fwp%2Fv2%2Fmedia&parent=8282"}],"wp:term":[{"taxonomy":"category","embeddable":true,"href":"https:\/\/webdealta.info\/index.php?rest_route=%2Fwp%2Fv2%2Fcategories&post=8282"},{"taxonomy":"post_tag","embeddable":true,"href":"https:\/\/webdealta.info\/index.php?rest_route=%2Fwp%2Fv2%2Ftags&post=8282"}],"curies":[{"name":"wp","href":"https:\/\/api.w.org\/{rel}","templated":true}]}}