{"id":8270,"date":"2024-02-18T20:08:31","date_gmt":"2024-02-19T00:08:31","guid":{"rendered":"https:\/\/webdealta.info\/?p=8270"},"modified":"2024-02-18T20:08:46","modified_gmt":"2024-02-19T00:08:46","slug":"jornada-especial-de-trabajo-para-continuar-impulsando-el-1x10-del-buen-gobierno","status":"publish","type":"post","link":"https:\/\/webdealta.info\/?p=8270","title":{"rendered":"Jornada Especial de Trabajo para continuar impulsando el 1&#215;10 del Buen Gobierno"},"content":{"rendered":"\n<p>Desde el Sal\u00f3n de Conferencias Hugo Ch\u00e1vez, ubicado en la Villa Ol\u00edmpica de San Juan de los Morros, el gobernador del estado Gu\u00e1rico Jos\u00e9 V\u00e1squez encabez\u00f3 una jornada especial de trabajo con los alcaldes bolivarianos, enlaces de gesti\u00f3n y pol\u00edticos de la regi\u00f3n, con el objetivo de idear y fortalecer las estrategias para continuar brindando respuestas a las solicitudes realizadas por el pueblo a trav\u00e9s del Sistema 1\u00d710 del Buen Gobierno.<\/p>\n\n\n\n<p>En este sentido, el mandatario regional Jos\u00e9 V\u00e1squez, enfatiz\u00f3 que el presidente Nicol\u00e1s Maduro ha pedido priorizar las necesidades del pueblo y atender de manera directa cada una de las problem\u00e1ticas presentadas por las diferentes comunidades, para garantizar as\u00ed el bienestar integral de todos los habitantes del estado Gu\u00e1rico, sin ning\u00fan tipo de distinci\u00f3n pol\u00edtica, raza o religi\u00f3n.<\/p>\n\n\n\n<p>Por esta raz\u00f3n, orden\u00f3 a los alcaldes, comisionados territoriales, enlaces pol\u00edticos y de gesti\u00f3n, priorizar su accionar operativo y la distribuci\u00f3n presupuestaria de los recursos necesarios para apoyar la resoluci\u00f3n de las solicitudes que se realizan a trav\u00e9s del 1&#215;10, y as\u00ed concretar con \u00e9xito el Plan 95, que para mediados del a\u00f1o busca tener el 95% de los casos atendidos.<\/p>\n\n\n\n<p>Cabe destacar, que el pasado 8 de enero el gobernador Jos\u00e9 V\u00e1squez cre\u00f3 el Estado Mayor del 1&#215;10 del Buen Gobierno, el cual est\u00e1 conformado por \u00e9l mismo y las Secretar\u00edas de Gobierno,&nbsp; Control y Seguimiento,&nbsp; Infraestructura y Servicios, Educaci\u00f3n y Salud, Hidrop\u00e1ez, Corpoelec, entre otras instituciones ministeriales y regionales, en conjunto con los alcaldes que hacen vida en el estado.<\/p>\n\n\n\n<p>De esta manera, el l\u00edder regional Jos\u00e9 V\u00e1squez y todo su equipo, se aseguran de continuar impulsando y cumpliendo con las instrucciones del presidente Nicol\u00e1s Maduro, quien busca mantener como una prioridad la atenci\u00f3n del 1&#215;10 del Buen Gobierno, el cual es una plataforma que lleg\u00f3 para quedarse, ayudando a mejorar la calidad de vida de cada venezolano.<\/p>\n\n\n\n<p>Sibci Gu\u00e1rico<\/p>\n\n\n\n<p><\/p>\n","protected":false},"excerpt":{"rendered":"<p>Desde el Sal\u00f3n de Conferencias Hugo Ch\u00e1vez, ubicado en la Villa Ol\u00edmpica de San Juan de los Morros, el gobernador del estado Gu\u00e1rico Jos\u00e9 V\u00e1squez encabez\u00f3 una jornada especial de trabajo con los alcaldes bolivarianos, enlaces de gesti\u00f3n y pol\u00edticos de la regi\u00f3n, con el objetivo de idear y fortalecer<\/p>\n","protected":false},"author":2,"featured_media":8271,"comment_status":"open","ping_status":"open","sticky":false,"template":"","format":"standard","meta":{"advanced_seo_description":"","jetpack_seo_html_title":"","jetpack_seo_noindex":false,"_jetpack_memberships_contains_paid_content":false,"footnotes":"","jetpack_publicize_message":"","jetpack_publicize_feature_enabled":true,"jetpack_social_post_already_shared":true,"jetpack_social_options":{"image_generator_settings":{"template":"highway","enabled":false},"version":2}},"categories":[284,251],"tags":[8,7,32],"class_list":["post-8270","post","type-post","status-publish","format-standard","has-post-thumbnail","hentry","category-gobierno-de-guarico","category-webdealta","tag-altagraciadeorituco","tag-guarico","tag-webdealta",""],"jetpack_publicize_connections":[],"jetpack_featured_media_url":"https:\/\/webdealta.info\/wp-content\/uploads\/2024\/02\/jornada-1x10-febrero-webdealta.png","jetpack_sharing_enabled":true,"jetpack_likes_enabled":true,"jetpack-related-posts":[],"jetpack_shortlink":"https:\/\/wp.me\/pcseDn-29o","_links":{"self":[{"href":"https:\/\/webdealta.info\/index.php?rest_route=\/wp\/v2\/posts\/8270","targetHints":{"allow":["GET"]}}],"collection":[{"href":"https:\/\/webdealta.info\/index.php?rest_route=\/wp\/v2\/posts"}],"about":[{"href":"https:\/\/webdealta.info\/index.php?rest_route=\/wp\/v2\/types\/post"}],"author":[{"embeddable":true,"href":"https:\/\/webdealta.info\/index.php?rest_route=\/wp\/v2\/users\/2"}],"replies":[{"embeddable":true,"href":"https:\/\/webdealta.info\/index.php?rest_route=%2Fwp%2Fv2%2Fcomments&post=8270"}],"version-history":[{"count":1,"href":"https:\/\/webdealta.info\/index.php?rest_route=\/wp\/v2\/posts\/8270\/revisions"}],"predecessor-version":[{"id":8272,"href":"https:\/\/webdealta.info\/index.php?rest_route=\/wp\/v2\/posts\/8270\/revisions\/8272"}],"wp:featuredmedia":[{"embeddable":true,"href":"https:\/\/webdealta.info\/index.php?rest_route=\/wp\/v2\/media\/8271"}],"wp:attachment":[{"href":"https:\/\/webdealta.info\/index.php?rest_route=%2Fwp%2Fv2%2Fmedia&parent=8270"}],"wp:term":[{"taxonomy":"category","embeddable":true,"href":"https:\/\/webdealta.info\/index.php?rest_route=%2Fwp%2Fv2%2Fcategories&post=8270"},{"taxonomy":"post_tag","embeddable":true,"href":"https:\/\/webdealta.info\/index.php?rest_route=%2Fwp%2Fv2%2Ftags&post=8270"}],"curies":[{"name":"wp","href":"https:\/\/api.w.org\/{rel}","templated":true}]}}