{"id":8252,"date":"2024-02-14T20:36:41","date_gmt":"2024-02-15T00:36:41","guid":{"rendered":"https:\/\/webdealta.info\/?p=8252"},"modified":"2024-02-14T20:42:50","modified_gmt":"2024-02-15T00:42:50","slug":"bomberos-gracitanos-presentaron-balance-de-asueto-de-carnaval","status":"publish","type":"post","link":"https:\/\/webdealta.info\/?p=8252","title":{"rendered":"Bomberos gracitanos presentaron balance de asueto de carnaval"},"content":{"rendered":"\n<p>Amanda Saldivia.-<\/p>\n\n\n\n<p>El general Denis Dur\u00e1n, comandante del cuerpo de bomberos Andr\u00e9 Fourneau de Altagracia de Orituco, present\u00f3 el balance de las actuaciones de los funcionarios de esa instituci\u00f3n durante el asueto de carnaval, en el cual destacan un total de 20 servicios atendidos, adem\u00e1s de las labores de prevenci\u00f3n en los desfiles realizados.<\/p>\n\n\n\n<p>El balance contabiliz\u00f3 tres colisiones entre veh\u00edculos, una persona herida por arma blanca, dos incendios de vegetaci\u00f3n, una poda de \u00e1rbol, una inspecci\u00f3n por la presencia de abejas y nueve guardias de prevenci\u00f3n.<\/p>\n\n\n\n<p>El balance fue presentado por el general Denis Dur\u00e1n en la ma\u00f1ana de este mi\u00e9rcoles 14 de febrero.<\/p>\n\n\n\n<p>@amandasaldivia  <\/p>\n\n\n\n<p><\/p>\n","protected":false},"excerpt":{"rendered":"<p>Amanda Saldivia.- El general Denis Dur\u00e1n, comandante del cuerpo de bomberos Andr\u00e9 Fourneau de Altagracia de Orituco, present\u00f3 el balance de las actuaciones de los funcionarios de esa instituci\u00f3n durante el asueto de carnaval, en el cual destacan un total de 20 servicios atendidos, adem\u00e1s de las labores de prevenci\u00f3n<\/p>\n","protected":false},"author":2,"featured_media":8253,"comment_status":"open","ping_status":"open","sticky":false,"template":"","format":"standard","meta":{"advanced_seo_description":"","jetpack_seo_html_title":"","jetpack_seo_noindex":false,"_jetpack_memberships_contains_paid_content":false,"footnotes":"","jetpack_publicize_message":"","jetpack_publicize_feature_enabled":true,"jetpack_social_post_already_shared":true,"jetpack_social_options":{"image_generator_settings":{"template":"highway","enabled":false},"version":2}},"categories":[144,251],"tags":[8,7,32],"class_list":["post-8252","post","type-post","status-publish","format-standard","has-post-thumbnail","hentry","category-bomberos","category-webdealta","tag-altagraciadeorituco","tag-guarico","tag-webdealta",""],"jetpack_publicize_connections":[],"jetpack_featured_media_url":"https:\/\/webdealta.info\/wp-content\/uploads\/2024\/02\/bomberos-carnaval-webdealta.png","jetpack_sharing_enabled":true,"jetpack_likes_enabled":true,"jetpack-related-posts":[],"jetpack_shortlink":"https:\/\/wp.me\/pcseDn-296","_links":{"self":[{"href":"https:\/\/webdealta.info\/index.php?rest_route=\/wp\/v2\/posts\/8252","targetHints":{"allow":["GET"]}}],"collection":[{"href":"https:\/\/webdealta.info\/index.php?rest_route=\/wp\/v2\/posts"}],"about":[{"href":"https:\/\/webdealta.info\/index.php?rest_route=\/wp\/v2\/types\/post"}],"author":[{"embeddable":true,"href":"https:\/\/webdealta.info\/index.php?rest_route=\/wp\/v2\/users\/2"}],"replies":[{"embeddable":true,"href":"https:\/\/webdealta.info\/index.php?rest_route=%2Fwp%2Fv2%2Fcomments&post=8252"}],"version-history":[{"count":2,"href":"https:\/\/webdealta.info\/index.php?rest_route=\/wp\/v2\/posts\/8252\/revisions"}],"predecessor-version":[{"id":8255,"href":"https:\/\/webdealta.info\/index.php?rest_route=\/wp\/v2\/posts\/8252\/revisions\/8255"}],"wp:featuredmedia":[{"embeddable":true,"href":"https:\/\/webdealta.info\/index.php?rest_route=\/wp\/v2\/media\/8253"}],"wp:attachment":[{"href":"https:\/\/webdealta.info\/index.php?rest_route=%2Fwp%2Fv2%2Fmedia&parent=8252"}],"wp:term":[{"taxonomy":"category","embeddable":true,"href":"https:\/\/webdealta.info\/index.php?rest_route=%2Fwp%2Fv2%2Fcategories&post=8252"},{"taxonomy":"post_tag","embeddable":true,"href":"https:\/\/webdealta.info\/index.php?rest_route=%2Fwp%2Fv2%2Ftags&post=8252"}],"curies":[{"name":"wp","href":"https:\/\/api.w.org\/{rel}","templated":true}]}}