{"id":8243,"date":"2024-02-08T21:25:49","date_gmt":"2024-02-09T01:25:49","guid":{"rendered":"https:\/\/webdealta.info\/?p=8243"},"modified":"2024-02-08T21:25:50","modified_gmt":"2024-02-09T01:25:50","slug":"gobierno-de-guarico-preparado-para-iniciar-los-carnavales-felices-2024","status":"publish","type":"post","link":"https:\/\/webdealta.info\/?p=8243","title":{"rendered":"Gobierno de Gu\u00e1rico preparado para iniciar los Carnavales Felices 2024"},"content":{"rendered":"\n<p>El gobernador del estado Gu\u00e1rico, Jos\u00e9 V\u00e1squez, abri\u00f3 una nueva ventana para ampliar la difusi\u00f3n de las informaciones sobre el acontecer de la gesti\u00f3n gubernamental en la entidad, que lleva por nombre En Directo con los Medios, siendo propicia la oportunidad para resaltar y dar a conocer el cronograma de las actividades que se realizar\u00e1n en el marco de los Carnavales Felices 2024.<\/p>\n\n\n\n<p>En este sentido, el l\u00edder de la entidad enfatiz\u00f3 que en estos Carnavales, el Gobierno regional est\u00e1 listo y organizado para garantizar el buen y sano esparcimiento, con un despliegue de seguridad que abarca a m\u00e1s de 5000 hombres y mujeres dispuestos a proporcionar&nbsp; cuidado y protecci\u00f3n al pueblo, los cuales se unen a la atenci\u00f3n brindada por las distintas instituciones del estado, al igual que a los puntos de atenci\u00f3n comunitaria.<\/p>\n\n\n\n<p>Del mismo modo, el gobernador destac\u00f3 que dentro del cronograma, se estar\u00e1n realizando una gran variedad de actividades recreativas, culturales y festivas que engalanar\u00e1n la belleza y turismo de la regi\u00f3n, entre ellas el Desfile de Carnaval en los 15 municipios,&nbsp; destacando que estas actividades son de impacto nacional como punto atractivo en el marco de las Ferias de Carnavales, adem\u00e1s que la entidad cuenta con distintos puntos tur\u00edsticos como balnearios, parques, clubs, entre otros, que estar\u00e1n activados con una comisi\u00f3n que atender\u00e1 a propios y visitantes.<\/p>\n\n\n\n<p>A su vez, la autoridad \u00fanica en Turismo, Norelys Andara quien acompa\u00f1\u00f3 al gobernador de la entidad en este&nbsp; encuentro, junto al G\/D Luiger Ugas Medina secretario de Seguridad Ciudadana y director de Poligu\u00e1rico, as\u00ed como la secretaria de Protecci\u00f3n Social y Gesti\u00f3n Territorial, Migdalia Hurtado, coment\u00f3 que \u201cnosotros tenemos actividades en los 15 municipios\u201d.<\/p>\n\n\n\n<p>\u201cAsimismo, tenemos 16 puntos de inter\u00e9s tur\u00edsticos, 5 de ellos son de alto impacto porque tienen m\u00e1s afluencia tur\u00edstica, entre ellos en el municipio Juan Germ\u00e1n Roscio Nieves contamos con el Hotel &amp; Spa Aguas Termales y el Balneario el Castrero; en el municipio Ortiz, el Balneario R\u00edo Verde; en el municipio Francisco de Miranda, el Balneario La Playita y en el municipio Juan Jos\u00e9 Rond\u00f3n, el Aguaro Guariquito\u201d, agreg\u00f3 Andara, quien adem\u00e1s resalt\u00f3 que estos espacios cuentan con 26 hoteles y posadas para el recibimiento de los temporadistas.<\/p>\n\n\n\n<p>De igual forma, la autoridad \u00fanica en Turismo coment\u00f3 que tambi\u00e9n &nbsp;tienen&nbsp; rutas tur\u00edsticas que fueron aprobadas por el Ministerio de Turismo: &nbsp;Aguas del Renacer que comprende el municipio Roscio, abarcando &nbsp;la Puerta del llano, pasa por la Villa Ol\u00edmpica y llega hasta el Hotel Aguas Termales; la Ruta Tricentenaria, que abarca el casco central de Calabozo, entre otras.<\/p>\n\n\n\n<p>Por su parte el G\/D Luiger Ugas Medina, inform\u00f3 que desde la Secretar\u00eda de Seguridad se ha organizado un despliegue integral, en colaboraci\u00f3n con los distintos componentes y organismos de seguridad ciudadana que hacen vida en el estado Gu\u00e1rico, enfatizando que para reforzar este despliegue se cuentan con m\u00e1s de 280 unidades vehiculares que incluyen&nbsp; motos y &nbsp;lanchas para la seguridad; asimismo se contar\u00e1 con m\u00e1s de 180 puntos de atenci\u00f3n ciudadana itinerantes que ser\u00e1n reforzados con m\u00e1s de 200 cuadrantes de paz que estar\u00e1n integrados con el \u00e1rea social y de salud, todos trabajando de la mano para garantizar la protecci\u00f3n del pueblo.<\/p>\n\n\n\n<p>Igualmente, Migdalia Hurtado, secretaria de Protecci\u00f3n Social y Gesti\u00f3n Territorial, mencion\u00f3 que, \u201cse ha trabajado arduamente por varias semanas, con todo el equipo de Gobierno, &nbsp;m\u00e1s de 80 instituciones est\u00e1n presentes de &nbsp;manera organizada, como han sido las orientaciones del gobernador, bajo los 4 principios de la administraci\u00f3n p\u00fablica, para darle cumplimiento junto a todo el equipo del \u00e1rea social, de salud y seguridad\u201d.<\/p>\n\n\n\n<p>Tambi\u00e9n Hurtado comparti\u00f3 que los emprendedores tendr\u00e1n su participaci\u00f3n para presentar la gama gastron\u00f3mica y manualidades a los temporadistas. Al igual que representantes de los de institutos estar\u00e1n a cargo de estas actividades carnestolendas \u00a0en los puntos tur\u00edsticos en compa\u00f1\u00eda de m\u00e1s de 820 voluntariados.  <\/p>\n\n\n\n<p><strong>Sibci Gu\u00e1rico<\/strong><\/p>\n\n\n\n<p><\/p>\n","protected":false},"excerpt":{"rendered":"<p>El gobernador del estado Gu\u00e1rico, Jos\u00e9 V\u00e1squez, abri\u00f3 una nueva ventana para ampliar la difusi\u00f3n de las informaciones sobre el acontecer de la gesti\u00f3n gubernamental en la entidad, que lleva por nombre En Directo con los Medios, siendo propicia la oportunidad para resaltar y dar a conocer el cronograma de<\/p>\n","protected":false},"author":2,"featured_media":8244,"comment_status":"open","ping_status":"open","sticky":false,"template":"","format":"standard","meta":{"advanced_seo_description":"","jetpack_seo_html_title":"","jetpack_seo_noindex":false,"_jetpack_memberships_contains_paid_content":false,"footnotes":"","jetpack_publicize_message":"","jetpack_publicize_feature_enabled":true,"jetpack_social_post_already_shared":true,"jetpack_social_options":{"image_generator_settings":{"template":"highway","enabled":false},"version":2}},"categories":[284,251],"tags":[8,7,32],"class_list":["post-8243","post","type-post","status-publish","format-standard","has-post-thumbnail","hentry","category-gobierno-de-guarico","category-webdealta","tag-altagraciadeorituco","tag-guarico","tag-webdealta",""],"jetpack_publicize_connections":[],"jetpack_featured_media_url":"https:\/\/webdealta.info\/wp-content\/uploads\/2024\/02\/carnaval-2024-webdealta-gobernacion.png","jetpack_sharing_enabled":true,"jetpack_likes_enabled":true,"jetpack-related-posts":[],"jetpack_shortlink":"https:\/\/wp.me\/pcseDn-28X","_links":{"self":[{"href":"https:\/\/webdealta.info\/index.php?rest_route=\/wp\/v2\/posts\/8243","targetHints":{"allow":["GET"]}}],"collection":[{"href":"https:\/\/webdealta.info\/index.php?rest_route=\/wp\/v2\/posts"}],"about":[{"href":"https:\/\/webdealta.info\/index.php?rest_route=\/wp\/v2\/types\/post"}],"author":[{"embeddable":true,"href":"https:\/\/webdealta.info\/index.php?rest_route=\/wp\/v2\/users\/2"}],"replies":[{"embeddable":true,"href":"https:\/\/webdealta.info\/index.php?rest_route=%2Fwp%2Fv2%2Fcomments&post=8243"}],"version-history":[{"count":1,"href":"https:\/\/webdealta.info\/index.php?rest_route=\/wp\/v2\/posts\/8243\/revisions"}],"predecessor-version":[{"id":8245,"href":"https:\/\/webdealta.info\/index.php?rest_route=\/wp\/v2\/posts\/8243\/revisions\/8245"}],"wp:featuredmedia":[{"embeddable":true,"href":"https:\/\/webdealta.info\/index.php?rest_route=\/wp\/v2\/media\/8244"}],"wp:attachment":[{"href":"https:\/\/webdealta.info\/index.php?rest_route=%2Fwp%2Fv2%2Fmedia&parent=8243"}],"wp:term":[{"taxonomy":"category","embeddable":true,"href":"https:\/\/webdealta.info\/index.php?rest_route=%2Fwp%2Fv2%2Fcategories&post=8243"},{"taxonomy":"post_tag","embeddable":true,"href":"https:\/\/webdealta.info\/index.php?rest_route=%2Fwp%2Fv2%2Ftags&post=8243"}],"curies":[{"name":"wp","href":"https:\/\/api.w.org\/{rel}","templated":true}]}}