{"id":8227,"date":"2024-02-04T12:25:28","date_gmt":"2024-02-04T16:25:28","guid":{"rendered":"https:\/\/webdealta.info\/?p=8227"},"modified":"2024-02-04T12:25:30","modified_gmt":"2024-02-04T16:25:30","slug":"vecinos-agradecen-accion-de-bomberos-gracitanos","status":"publish","type":"post","link":"https:\/\/webdealta.info\/?p=8227","title":{"rendered":"Vecinos agradecen acci\u00f3n de bomberos gracitanos"},"content":{"rendered":"\n<p>Amanda Saldivia.-<\/p>\n\n\n\n<p>Funcionarios del cuerpo de bomberos Andr\u00e9 Fourneau podaron un enorme \u00e1rbol seco, cuyas ramas estaban a punto de caer sobre el tendido el\u00e9ctrico de la calle Alegr\u00eda, sector La Alcabala de Altagracia de Orituco.<\/p>\n\n\n\n<p>El llamado a los efectivos lo hicieron los vecinos, entre ellos Yordin Caldera, quien alert\u00f3 sobre el peligro de la afectaci\u00f3n a las redes el\u00e9ctricas, edificaciones y hasta la inminente obstrucci\u00f3n de la vialidad, si no era talado a tiempo.<\/p>\n\n\n\n<p>Una vez realizado los trabajos, este s\u00e1bado tres de febrero, agradeci\u00f3 a la comisi\u00f3n integrada por el primer teniente Jes\u00fas Marrero, el sargento primer Luis Marrero, el cabo segundo Rosimar Garc\u00eda y el bombero Francisco Isturiz, bajo las instrucciones del comandante, general Denis Dur\u00e1n.<\/p>\n\n\n\n<p>@amandasaldivia <\/p>\n\n\n\n<p><\/p>\n","protected":false},"excerpt":{"rendered":"<p>Amanda Saldivia.- Funcionarios del cuerpo de bomberos Andr\u00e9 Fourneau podaron un enorme \u00e1rbol seco, cuyas ramas estaban a punto de caer sobre el tendido el\u00e9ctrico de la calle Alegr\u00eda, sector La Alcabala de Altagracia de Orituco. El llamado a los efectivos lo hicieron los vecinos, entre ellos Yordin Caldera, quien<\/p>\n","protected":false},"author":2,"featured_media":8228,"comment_status":"open","ping_status":"open","sticky":false,"template":"","format":"standard","meta":{"advanced_seo_description":"","jetpack_seo_html_title":"","jetpack_seo_noindex":false,"_jetpack_memberships_contains_paid_content":false,"footnotes":"","jetpack_publicize_message":"","jetpack_publicize_feature_enabled":true,"jetpack_social_post_already_shared":true,"jetpack_social_options":{"image_generator_settings":{"template":"highway","enabled":false},"version":2}},"categories":[144,335,251],"tags":[8,7,32],"class_list":["post-8227","post","type-post","status-publish","format-standard","has-post-thumbnail","hentry","category-bomberos","category-locales","category-webdealta","tag-altagraciadeorituco","tag-guarico","tag-webdealta",""],"jetpack_publicize_connections":[],"jetpack_featured_media_url":"https:\/\/webdealta.info\/wp-content\/uploads\/2024\/02\/poda-de-arbol-birsis-de-penon.png","jetpack_sharing_enabled":true,"jetpack_likes_enabled":true,"jetpack-related-posts":[],"jetpack_shortlink":"https:\/\/wp.me\/pcseDn-28H","_links":{"self":[{"href":"https:\/\/webdealta.info\/index.php?rest_route=\/wp\/v2\/posts\/8227","targetHints":{"allow":["GET"]}}],"collection":[{"href":"https:\/\/webdealta.info\/index.php?rest_route=\/wp\/v2\/posts"}],"about":[{"href":"https:\/\/webdealta.info\/index.php?rest_route=\/wp\/v2\/types\/post"}],"author":[{"embeddable":true,"href":"https:\/\/webdealta.info\/index.php?rest_route=\/wp\/v2\/users\/2"}],"replies":[{"embeddable":true,"href":"https:\/\/webdealta.info\/index.php?rest_route=%2Fwp%2Fv2%2Fcomments&post=8227"}],"version-history":[{"count":1,"href":"https:\/\/webdealta.info\/index.php?rest_route=\/wp\/v2\/posts\/8227\/revisions"}],"predecessor-version":[{"id":8229,"href":"https:\/\/webdealta.info\/index.php?rest_route=\/wp\/v2\/posts\/8227\/revisions\/8229"}],"wp:featuredmedia":[{"embeddable":true,"href":"https:\/\/webdealta.info\/index.php?rest_route=\/wp\/v2\/media\/8228"}],"wp:attachment":[{"href":"https:\/\/webdealta.info\/index.php?rest_route=%2Fwp%2Fv2%2Fmedia&parent=8227"}],"wp:term":[{"taxonomy":"category","embeddable":true,"href":"https:\/\/webdealta.info\/index.php?rest_route=%2Fwp%2Fv2%2Fcategories&post=8227"},{"taxonomy":"post_tag","embeddable":true,"href":"https:\/\/webdealta.info\/index.php?rest_route=%2Fwp%2Fv2%2Ftags&post=8227"}],"curies":[{"name":"wp","href":"https:\/\/api.w.org\/{rel}","templated":true}]}}