{"id":8223,"date":"2024-02-04T10:44:30","date_gmt":"2024-02-04T14:44:30","guid":{"rendered":"https:\/\/webdealta.info\/?p=8223"},"modified":"2024-02-04T10:44:31","modified_gmt":"2024-02-04T14:44:31","slug":"vialidad-esta-mas-pronunciada-falla-de-borde-en-la-troncal-11","status":"publish","type":"post","link":"https:\/\/webdealta.info\/?p=8223","title":{"rendered":"Vialidad: est\u00e1 m\u00e1s pronunciada falla de borde en la troncal 11"},"content":{"rendered":"\n<p>Amanda Saldivia.-<\/p>\n\n\n\n<p>Usuarios de la troncal 11, jurisdicci\u00f3n del municipio Jos\u00e9 Tadeo Monagas, Gu\u00e1rico, reportan que est\u00e1 m\u00e1s pronunciada la falla de borde que se gener\u00f3 en agosto de 2023, en el tramo entre el puente de Memo y la entrada de Tuira, justo en un \u00e1rea de curvas que reviste mayor peligrosidad para los conductores.<\/p>\n\n\n\n<p>\u201cFalla de borde bajando Tuira, en cualquier momento puede ocurrir una tragedia, est\u00e1 por caerse un gran pedazo que est\u00e1 en el aire\u201d, escribi\u00f3 el usuario que comparti\u00f3 las fotograf\u00edas con la Web de Altagracia, a los fines de exponer que avanza el deterioro y el peligro que representa para quienes se desplazan por esa arteria vial.<\/p>\n\n\n\n<p>El primer reporte que hizo este medio digital sobre esa falla de borde fue el 15 de agosto de 2023, cuando Protecci\u00f3n Civil se\u00f1aliz\u00f3 el \u00e1rea y adem\u00e1s estuvo presente una comisi\u00f3n de CANTV, porque por ah\u00ed pasa la fibra \u00f3ptica.<\/p>\n\n\n\n<p>Hasta el momento se desconoce si existe un plan concreto para corregirla.<\/p>\n\n\n\n<p>@amandasaldivia <\/p>\n\n\n\n<p><\/p>\n","protected":false},"excerpt":{"rendered":"<p>Amanda Saldivia.- Usuarios de la troncal 11, jurisdicci\u00f3n del municipio Jos\u00e9 Tadeo Monagas, Gu\u00e1rico, reportan que est\u00e1 m\u00e1s pronunciada la falla de borde que se gener\u00f3 en agosto de 2023, en el tramo entre el puente de Memo y la entrada de Tuira, justo en un \u00e1rea de curvas que<\/p>\n","protected":false},"author":2,"featured_media":8224,"comment_status":"open","ping_status":"open","sticky":false,"template":"","format":"standard","meta":{"advanced_seo_description":"","jetpack_seo_html_title":"","jetpack_seo_noindex":false,"_jetpack_memberships_contains_paid_content":false,"footnotes":"","jetpack_publicize_message":"","jetpack_publicize_feature_enabled":true,"jetpack_social_post_already_shared":true,"jetpack_social_options":{"image_generator_settings":{"template":"highway","enabled":false},"version":2}},"categories":[16,251],"tags":[8,7,32],"class_list":["post-8223","post","type-post","status-publish","format-standard","has-post-thumbnail","hentry","category-vialidad","category-webdealta","tag-altagraciadeorituco","tag-guarico","tag-webdealta",""],"jetpack_publicize_connections":[],"jetpack_featured_media_url":"https:\/\/webdealta.info\/wp-content\/uploads\/2024\/02\/falla-de-borde-tuira-2024.png","jetpack_sharing_enabled":true,"jetpack_likes_enabled":true,"jetpack-related-posts":[],"jetpack_shortlink":"https:\/\/wp.me\/pcseDn-28D","_links":{"self":[{"href":"https:\/\/webdealta.info\/index.php?rest_route=\/wp\/v2\/posts\/8223","targetHints":{"allow":["GET"]}}],"collection":[{"href":"https:\/\/webdealta.info\/index.php?rest_route=\/wp\/v2\/posts"}],"about":[{"href":"https:\/\/webdealta.info\/index.php?rest_route=\/wp\/v2\/types\/post"}],"author":[{"embeddable":true,"href":"https:\/\/webdealta.info\/index.php?rest_route=\/wp\/v2\/users\/2"}],"replies":[{"embeddable":true,"href":"https:\/\/webdealta.info\/index.php?rest_route=%2Fwp%2Fv2%2Fcomments&post=8223"}],"version-history":[{"count":1,"href":"https:\/\/webdealta.info\/index.php?rest_route=\/wp\/v2\/posts\/8223\/revisions"}],"predecessor-version":[{"id":8225,"href":"https:\/\/webdealta.info\/index.php?rest_route=\/wp\/v2\/posts\/8223\/revisions\/8225"}],"wp:featuredmedia":[{"embeddable":true,"href":"https:\/\/webdealta.info\/index.php?rest_route=\/wp\/v2\/media\/8224"}],"wp:attachment":[{"href":"https:\/\/webdealta.info\/index.php?rest_route=%2Fwp%2Fv2%2Fmedia&parent=8223"}],"wp:term":[{"taxonomy":"category","embeddable":true,"href":"https:\/\/webdealta.info\/index.php?rest_route=%2Fwp%2Fv2%2Fcategories&post=8223"},{"taxonomy":"post_tag","embeddable":true,"href":"https:\/\/webdealta.info\/index.php?rest_route=%2Fwp%2Fv2%2Ftags&post=8223"}],"curies":[{"name":"wp","href":"https:\/\/api.w.org\/{rel}","templated":true}]}}