{"id":8219,"date":"2024-02-03T13:10:46","date_gmt":"2024-02-03T17:10:46","guid":{"rendered":"https:\/\/webdealta.info\/?p=8219"},"modified":"2024-02-03T13:10:48","modified_gmt":"2024-02-03T17:10:48","slug":"el-poder-del-conocimiento-adolfo-antonio-machado-primer-cronista-del-orituco","status":"publish","type":"post","link":"https:\/\/webdealta.info\/?p=8219","title":{"rendered":"El Poder del Conocimiento: Adolfo Antonio Machado primer cronista del Orituco"},"content":{"rendered":"\n<p>Amanda Saldivia.-<\/p>\n\n\n\n<p>Son los escritores fascinados por Altagracia los que nos han permitido conocer historias interesantes sobre este valle y sus pobladores. Saber, por ejemplo, c\u00f3mo fue su evoluci\u00f3n y que nos imaginemos como ese asentamiento ind\u00edgena llamado Nuestra Se\u00f1ora de Altagracia, pas\u00f3 oficialmente a ser Altagracia de Orituco, capital del municipio Jos\u00e9 Tadeo Monagas del estado Gu\u00e1rico.<\/p>\n\n\n\n<p>Uno de esos valiosos escritores fue Adolfo Antonio Machado. \u00c9l nos dej\u00f3 Apuntaciones para la historia de Altagracia, obra que escribi\u00f3 entre los a\u00f1os 1876 y 1899, cuya primera edici\u00f3n fue publicada en 1961, gracias a que un descendiente de Machado conserv\u00f3 los manuscritos que este hab\u00eda recopilado.<\/p>\n\n\n\n<p>El cronista del municipio, Dr. Carlos L\u00f3pez Garc\u00e9s, nos acerca a qui\u00e9n era Adolfo Antonio Machado. Este naci\u00f3 en Altagracia de Orituco el 10 de septiembre de 1855, era hijo de Manuel Mar\u00eda Machado y do\u00f1a Ana Francisca P\u00e9rez. Tuvo ocho hijos al casarse con otra gracitana, Rafaela Inocencia P\u00e9rez.<\/p>\n\n\n\n<p>Adolfo Antonio Machado era un comerciante. Tambi\u00e9n fue concejal, jefe civil y lo describe como un gracitano que \u201cprocuraba con tenacidad la ejecuci\u00f3n de importantes obras de inter\u00e9s para la colectividad, hasta lograrlas\u201d. Fue un ciudadanos ejemplar, cat\u00f3lico y amante de la m\u00fasica lit\u00fargica. &nbsp;<\/p>\n\n\n\n<p>Otro dato interesante que nos deja el cronista actual, es que Adolfo Antonio Machado era autodidacta. Fue un ciudadano que qued\u00f3 prendado de las historias que le contaban y de lo que pasaba en su \u00e9poca, al extremo de que fue apuntando todos esos datos por m\u00e1s de 24 a\u00f1os, los cuales complementaba con revisi\u00f3n de libros parroquiales y otros documentos que llegaban a sus manos.<\/p>\n\n\n\n<p>Adolfo Antonio Machado muri\u00f3 el primer de julio de 1903, a la edad de 48 a\u00f1os. El aporte que hizo a su tierra natal permite que sea recordado como un hombre de especial val\u00eda y cuyo nombre qued\u00f3 tambi\u00e9n plasmado en la historia con la publicaci\u00f3n de su obra y por ser el ep\u00f3nimo de la biblioteca de la fundaci\u00f3n Dr. Pedro Mar\u00eda Ar\u00e9valo, la cual fue creada el 5 de mayo de 1984.<\/p>\n\n\n\n<p>Por esa raz\u00f3n, Adolfo Antonio Machado tiene todo el m\u00e9rito para ser reconocido como el primer cronista de la regi\u00f3n del Orituco.<\/p>\n\n\n\n<p>@amandasaldivia<\/p>\n\n\n\n<p>Fotograf\u00eda de Adolfo Antonio Machado es cortes\u00eda del portal historia local de Altagracia del Dr. Carlos L\u00f3pez Garc\u00e9s<\/p>\n\n\n\n<p><\/p>\n","protected":false},"excerpt":{"rendered":"<p>Amanda Saldivia.- Son los escritores fascinados por Altagracia los que nos han permitido conocer historias interesantes sobre este valle y sus pobladores. Saber, por ejemplo, c\u00f3mo fue su evoluci\u00f3n y que nos imaginemos como ese asentamiento ind\u00edgena llamado Nuestra Se\u00f1ora de Altagracia, pas\u00f3 oficialmente a ser Altagracia de Orituco, capital<\/p>\n","protected":false},"author":2,"featured_media":8220,"comment_status":"open","ping_status":"open","sticky":false,"template":"","format":"standard","meta":{"advanced_seo_description":"","jetpack_seo_html_title":"","jetpack_seo_noindex":false,"_jetpack_memberships_contains_paid_content":false,"footnotes":"","jetpack_publicize_message":"","jetpack_publicize_feature_enabled":true,"jetpack_social_post_already_shared":true,"jetpack_social_options":{"image_generator_settings":{"template":"highway","enabled":false},"version":2}},"categories":[302,251],"tags":[8,7,32],"class_list":["post-8219","post","type-post","status-publish","format-standard","has-post-thumbnail","hentry","category-el-poder-del-conocimiento","category-webdealta","tag-altagraciadeorituco","tag-guarico","tag-webdealta",""],"jetpack_publicize_connections":[],"jetpack_featured_media_url":"https:\/\/webdealta.info\/wp-content\/uploads\/2024\/02\/altagracia.png","jetpack_sharing_enabled":true,"jetpack_likes_enabled":true,"jetpack-related-posts":[],"jetpack_shortlink":"https:\/\/wp.me\/pcseDn-28z","_links":{"self":[{"href":"https:\/\/webdealta.info\/index.php?rest_route=\/wp\/v2\/posts\/8219","targetHints":{"allow":["GET"]}}],"collection":[{"href":"https:\/\/webdealta.info\/index.php?rest_route=\/wp\/v2\/posts"}],"about":[{"href":"https:\/\/webdealta.info\/index.php?rest_route=\/wp\/v2\/types\/post"}],"author":[{"embeddable":true,"href":"https:\/\/webdealta.info\/index.php?rest_route=\/wp\/v2\/users\/2"}],"replies":[{"embeddable":true,"href":"https:\/\/webdealta.info\/index.php?rest_route=%2Fwp%2Fv2%2Fcomments&post=8219"}],"version-history":[{"count":1,"href":"https:\/\/webdealta.info\/index.php?rest_route=\/wp\/v2\/posts\/8219\/revisions"}],"predecessor-version":[{"id":8221,"href":"https:\/\/webdealta.info\/index.php?rest_route=\/wp\/v2\/posts\/8219\/revisions\/8221"}],"wp:featuredmedia":[{"embeddable":true,"href":"https:\/\/webdealta.info\/index.php?rest_route=\/wp\/v2\/media\/8220"}],"wp:attachment":[{"href":"https:\/\/webdealta.info\/index.php?rest_route=%2Fwp%2Fv2%2Fmedia&parent=8219"}],"wp:term":[{"taxonomy":"category","embeddable":true,"href":"https:\/\/webdealta.info\/index.php?rest_route=%2Fwp%2Fv2%2Fcategories&post=8219"},{"taxonomy":"post_tag","embeddable":true,"href":"https:\/\/webdealta.info\/index.php?rest_route=%2Fwp%2Fv2%2Ftags&post=8219"}],"curies":[{"name":"wp","href":"https:\/\/api.w.org\/{rel}","templated":true}]}}