{"id":8197,"date":"2024-01-28T20:52:30","date_gmt":"2024-01-29T00:52:30","guid":{"rendered":"https:\/\/webdealta.info\/?p=8197"},"modified":"2024-01-28T20:52:43","modified_gmt":"2024-01-29T00:52:43","slug":"el-poder-del-conocimiento-cambios-en-la-plaza-bolivar-de-altagracia","status":"publish","type":"post","link":"https:\/\/webdealta.info\/?p=8197","title":{"rendered":"El Poder del Conocimiento: cambios en la plaza Bol\u00edvar de Altagracia"},"content":{"rendered":"\n<p>Amanda Saldivia.-<\/p>\n\n\n\n<p>Una Junta de Fomento fue constituida en el a\u00f1o 1908 para llevar adelante la construcci\u00f3n de la plaza Bol\u00edvar de Altagracia de Orituco, sitio de encuentro de los pobladores de este terru\u00f1o, con \u00e1rboles frondosos y la brisa fresca que llega del Morrito.<\/p>\n\n\n\n<p>Ah\u00ed se han registrado los hechos m\u00e1s resaltantes de la historia de este poblado, porque est\u00e1 rodeada de edificaciones importantes, como la iglesia Nuestra Se\u00f1ora de Altagracia y las dependencias gubernamentales de este municipio.<\/p>\n\n\n\n<p>La junta encargada de realizar los trabajos en el a\u00f1o 1908 estuvo integrada por Don Fernando Acosta, el Dr. Rodolfo P\u00e9rez Vargas y Don Horacio Ruiz, seg\u00fan el aporte del Dr. Pedro Natalio Ar\u00e9valo en el libro Calles, Sitios y Aleros de Altagracia de Orituco.<\/p>\n\n\n\n<p>En la obra precisa, que en diciembre de ese mismo a\u00f1o la obra fue culminada, pero faltaban las barandas que fueron construidas en Caracas por los afamados herreros Luria y De Sola. La instalaci\u00f3n fue en el a\u00f1o 1912, bajo la administraci\u00f3n regional del general David Gim\u00f3n y Don Natalio Ar\u00e9valo Cede\u00f1o, como jefe civil del entonces Distrito Monagas. Pero la historia no termina ah\u00ed.<\/p>\n\n\n\n<p>En el a\u00f1o 1919 fue instalado el primer busto del Libertador, donado por el general Manuel Sarmiento, gracitano que para ese a\u00f1o era presidente del estado Gu\u00e1rico. Posteriormente, ese busto fue sustituido por otro de m\u00e1rmol en el a\u00f1o 1924, en medio de las festividades del 5 de julio. El jefe civil, el general Julio Farias.<\/p>\n\n\n\n<p>La \u00faltima y no muy apreciada remodelaci\u00f3n se registr\u00f3 en el a\u00f1o 1966. Era jefe civil el gracitano Ali de la Cueva, quien propuso un proyecto distinto, que cambi\u00f3 el dise\u00f1o original de la plaza Bol\u00edvar, el cual incluy\u00f3 eliminar las hermosas barandas de hierro forjado.<\/p>\n\n\n\n<p>Ese hecho es recordado como un desatino al buen gusto, pero si se valor\u00f3 la colocaci\u00f3n de la imponente estatua de bronce de nuestro Libertador Sim\u00f3n Bol\u00edvar, esa que apreciamos erguido con su uniforme militar.<\/p>\n\n\n\n<p>@amandasaldivia<\/p>\n\n\n\n<p>Foto cortes\u00eda Volvamos al Orituco <\/p>\n\n\n\n<p><\/p>\n","protected":false},"excerpt":{"rendered":"<p>Amanda Saldivia.- Una Junta de Fomento fue constituida en el a\u00f1o 1908 para llevar adelante la construcci\u00f3n de la plaza Bol\u00edvar de Altagracia de Orituco, sitio de encuentro de los pobladores de este terru\u00f1o, con \u00e1rboles frondosos y la brisa fresca que llega del Morrito. Ah\u00ed se han registrado los<\/p>\n","protected":false},"author":2,"featured_media":8198,"comment_status":"open","ping_status":"open","sticky":false,"template":"","format":"standard","meta":{"advanced_seo_description":"","jetpack_seo_html_title":"","jetpack_seo_noindex":false,"_jetpack_memberships_contains_paid_content":false,"footnotes":"","jetpack_publicize_message":"","jetpack_publicize_feature_enabled":true,"jetpack_social_post_already_shared":true,"jetpack_social_options":{"image_generator_settings":{"template":"highway","enabled":false},"version":2}},"categories":[302,251],"tags":[8,7,32],"class_list":["post-8197","post","type-post","status-publish","format-standard","has-post-thumbnail","hentry","category-el-poder-del-conocimiento","category-webdealta","tag-altagraciadeorituco","tag-guarico","tag-webdealta",""],"jetpack_publicize_connections":[],"jetpack_featured_media_url":"https:\/\/webdealta.info\/wp-content\/uploads\/2024\/01\/plaza-bolivar-de-altagracia-webdealta.png","jetpack_sharing_enabled":true,"jetpack_likes_enabled":true,"jetpack-related-posts":[],"jetpack_shortlink":"https:\/\/wp.me\/pcseDn-28d","_links":{"self":[{"href":"https:\/\/webdealta.info\/index.php?rest_route=\/wp\/v2\/posts\/8197","targetHints":{"allow":["GET"]}}],"collection":[{"href":"https:\/\/webdealta.info\/index.php?rest_route=\/wp\/v2\/posts"}],"about":[{"href":"https:\/\/webdealta.info\/index.php?rest_route=\/wp\/v2\/types\/post"}],"author":[{"embeddable":true,"href":"https:\/\/webdealta.info\/index.php?rest_route=\/wp\/v2\/users\/2"}],"replies":[{"embeddable":true,"href":"https:\/\/webdealta.info\/index.php?rest_route=%2Fwp%2Fv2%2Fcomments&post=8197"}],"version-history":[{"count":1,"href":"https:\/\/webdealta.info\/index.php?rest_route=\/wp\/v2\/posts\/8197\/revisions"}],"predecessor-version":[{"id":8199,"href":"https:\/\/webdealta.info\/index.php?rest_route=\/wp\/v2\/posts\/8197\/revisions\/8199"}],"wp:featuredmedia":[{"embeddable":true,"href":"https:\/\/webdealta.info\/index.php?rest_route=\/wp\/v2\/media\/8198"}],"wp:attachment":[{"href":"https:\/\/webdealta.info\/index.php?rest_route=%2Fwp%2Fv2%2Fmedia&parent=8197"}],"wp:term":[{"taxonomy":"category","embeddable":true,"href":"https:\/\/webdealta.info\/index.php?rest_route=%2Fwp%2Fv2%2Fcategories&post=8197"},{"taxonomy":"post_tag","embeddable":true,"href":"https:\/\/webdealta.info\/index.php?rest_route=%2Fwp%2Fv2%2Ftags&post=8197"}],"curies":[{"name":"wp","href":"https:\/\/api.w.org\/{rel}","templated":true}]}}