{"id":8193,"date":"2024-01-28T20:25:35","date_gmt":"2024-01-29T00:25:35","guid":{"rendered":"https:\/\/webdealta.info\/?p=8193"},"modified":"2024-01-28T20:25:36","modified_gmt":"2024-01-29T00:25:36","slug":"yolivares-infante-es-el-nuevo-secretario-general-municipal-de-ad-en-resistencia","status":"publish","type":"post","link":"https:\/\/webdealta.info\/?p=8193","title":{"rendered":"Yolivares Infante es el nuevo secretario general municipal de AD en Resistencia"},"content":{"rendered":"\n<p>Amanda Saldivia.-<\/p>\n\n\n\n<p>Yolivares Infante es el nuevo secretario general municipal de Acci\u00f3n Democr\u00e1tica en Resistencia en la regi\u00f3n del Orituco, decisi\u00f3n tomada por unanimidad, con la presencia de Yndira Hern\u00e1ndez y otros miembros del Comit\u00e9 Ejecutivo Seccional (CES), Gu\u00e1rico.<\/p>\n\n\n\n<p>El cambio se produjo el pasado s\u00e1bado 27 de enero, luego de que Carmen Cecilia Aragort solicitara la desincorporaci\u00f3n de la secretaria general en esta regi\u00f3n guarique\u00f1a, para asumir a la secretaria pol\u00edtica del Comit\u00e9 Ejecutivo Municipal e integrar la estructura regional como comisionada del municipio San Jos\u00e9 de Guaribe. En la secretar\u00eda de organizaci\u00f3n sigue Franck Nieves.<\/p>\n\n\n\n<p>Al ofrecer declaraciones a la Web de Altagracia, Yolivares Infante se\u00f1al\u00f3 que est\u00e1n enfocados en las elecciones presidenciales y en el decidido apoyo a la candidatura de Mar\u00eda Corina Machado, raz\u00f3n por la cual esa organizaci\u00f3n pol\u00edtica emiti\u00f3 un comunicado, en el cual rechaza la inhabilitaci\u00f3n impuesta por el TSJ.<\/p>\n\n\n\n<p>@amandasaldivia  <\/p>\n\n\n\n<p><\/p>\n","protected":false},"excerpt":{"rendered":"<p>Amanda Saldivia.- Yolivares Infante es el nuevo secretario general municipal de Acci\u00f3n Democr\u00e1tica en Resistencia en la regi\u00f3n del Orituco, decisi\u00f3n tomada por unanimidad, con la presencia de Yndira Hern\u00e1ndez y otros miembros del Comit\u00e9 Ejecutivo Seccional (CES), Gu\u00e1rico. El cambio se produjo el pasado s\u00e1bado 27 de enero, luego<\/p>\n","protected":false},"author":2,"featured_media":8195,"comment_status":"open","ping_status":"open","sticky":false,"template":"","format":"standard","meta":{"advanced_seo_description":"","jetpack_seo_html_title":"","jetpack_seo_noindex":false,"_jetpack_memberships_contains_paid_content":false,"footnotes":"","jetpack_publicize_message":"","jetpack_publicize_feature_enabled":true,"jetpack_social_post_already_shared":true,"jetpack_social_options":{"image_generator_settings":{"template":"highway","enabled":false},"version":2}},"categories":[142,251],"tags":[8,7,32],"class_list":["post-8193","post","type-post","status-publish","format-standard","has-post-thumbnail","hentry","category-politica","category-webdealta","tag-altagraciadeorituco","tag-guarico","tag-webdealta",""],"jetpack_publicize_connections":[],"jetpack_featured_media_url":"https:\/\/webdealta.info\/wp-content\/uploads\/2024\/01\/yolivares-ad-webdealta.png","jetpack_sharing_enabled":true,"jetpack_likes_enabled":true,"jetpack-related-posts":[],"jetpack_shortlink":"https:\/\/wp.me\/pcseDn-289","_links":{"self":[{"href":"https:\/\/webdealta.info\/index.php?rest_route=\/wp\/v2\/posts\/8193","targetHints":{"allow":["GET"]}}],"collection":[{"href":"https:\/\/webdealta.info\/index.php?rest_route=\/wp\/v2\/posts"}],"about":[{"href":"https:\/\/webdealta.info\/index.php?rest_route=\/wp\/v2\/types\/post"}],"author":[{"embeddable":true,"href":"https:\/\/webdealta.info\/index.php?rest_route=\/wp\/v2\/users\/2"}],"replies":[{"embeddable":true,"href":"https:\/\/webdealta.info\/index.php?rest_route=%2Fwp%2Fv2%2Fcomments&post=8193"}],"version-history":[{"count":1,"href":"https:\/\/webdealta.info\/index.php?rest_route=\/wp\/v2\/posts\/8193\/revisions"}],"predecessor-version":[{"id":8196,"href":"https:\/\/webdealta.info\/index.php?rest_route=\/wp\/v2\/posts\/8193\/revisions\/8196"}],"wp:featuredmedia":[{"embeddable":true,"href":"https:\/\/webdealta.info\/index.php?rest_route=\/wp\/v2\/media\/8195"}],"wp:attachment":[{"href":"https:\/\/webdealta.info\/index.php?rest_route=%2Fwp%2Fv2%2Fmedia&parent=8193"}],"wp:term":[{"taxonomy":"category","embeddable":true,"href":"https:\/\/webdealta.info\/index.php?rest_route=%2Fwp%2Fv2%2Fcategories&post=8193"},{"taxonomy":"post_tag","embeddable":true,"href":"https:\/\/webdealta.info\/index.php?rest_route=%2Fwp%2Fv2%2Ftags&post=8193"}],"curies":[{"name":"wp","href":"https:\/\/api.w.org\/{rel}","templated":true}]}}