{"id":8190,"date":"2024-01-28T19:51:48","date_gmt":"2024-01-28T23:51:48","guid":{"rendered":"https:\/\/webdealta.info\/?p=8190"},"modified":"2024-01-28T19:51:49","modified_gmt":"2024-01-28T23:51:49","slug":"crearon-estado-mayor-del-1x10-para-acelerar-respuesta-a-las-comunidades","status":"publish","type":"post","link":"https:\/\/webdealta.info\/?p=8190","title":{"rendered":"Crearon Estado Mayor del 1&#215;10 para acelerar respuesta a las comunidades"},"content":{"rendered":"\n<p>Desde las instalaciones del Palacio de Gobierno del estado Gu\u00e1rico, ubicado en San Juan de los Morros, el gobernador Jos\u00e9 V\u00e1squez llev\u00f3 a cabo una videoconferencia donde participaron distintas autoridades regionales, consolidando la primera jornada de trabajo del Estado Mayor del 1&#215;10 del Buen Gobierno y estableciendo un plan de acci\u00f3n concreto para continuar dando respuesta a cada una de las solicitudes del pueblo.<\/p>\n\n\n\n<p>En este sentido, el mandatario regional Jos\u00e9 V\u00e1squez, orden\u00f3 a todos los alcaldes, comisionados territoriales, enlaces pol\u00edticos, de gesti\u00f3n y toda la estructura de Gobierno, priorizar su accionar operativo y en la distribuci\u00f3n presupuestaria los recursos necesarios para apoyar la resoluci\u00f3n de las solicitudes que se realizan a trav\u00e9s del 1&#215;10, para concretar con \u00e9xito el Plan 95, que, para mediados del a\u00f1o, busca tener el 95% de los casos atendidos.<\/p>\n\n\n\n<p>Al respecto, el secretario general de Gobierno, Freddy Al\u00ed G\u00f3mez, inform\u00f3 que el Estado Mayor del 1&#215;10 del Buen Gobierno fue creado el pasado 8 de enero por el gobernador Jos\u00e9 V\u00e1squez, el cual est\u00e1 conformado por el mandatario regional, y las Secretar\u00edas de Gobierno, de Control y Seguimiento, de Infraestructura y Servicios, de Educaci\u00f3n y Salud, Hidrop\u00e1ez, Corpoelec, entre otras instituciones ministeriales y regionales, en conjunto con los alcaldes que hacen vida en el estado.<\/p>\n\n\n\n<p>Adem\u00e1s, agreg\u00f3 que en esta primera reuni\u00f3n de trabajo, estuvieron conectados v\u00eda videoconferencia con 10 alcaldes del estado Gu\u00e1rico, 5 comisionados territoriales, los 15 enlaces pol\u00edticos y los 15 enlaces de gesti\u00f3n de la regi\u00f3n, destacando que el tema a desarrollar fue un plan de trabajo regional para atender cada una de las solicitudes que vienen llegando a trav\u00e9s de la aplicaci\u00f3n del 1&#215;10 del Buen Gobierno.<\/p>\n\n\n\n<p>\u201cInstamos a cada uno de los alcaldes, para que conformen el Estado Mayor del 1&#215;10 del Buen Gobierno a nivel municipal, y el d\u00eda de hoy y ma\u00f1ana tendremos configurados los 15 organismos en cada uno de los municipios\u201d, puntualiz\u00f3 el secretario, destacando que para el d\u00eda lunes, cada uno de ellos debe tener un plan de acci\u00f3n para atender durante este proceso las solicitudes que hacen las comunidades en materia de servicios p\u00fablicos, educaci\u00f3n, salud, entre otras \u00e1reas. &nbsp;&nbsp;&nbsp;&nbsp;<\/p>\n\n\n\n<p>De esta manera, el gobernador Jos\u00e9 V\u00e1squez y todo su equipo, se aseguran de continuar impulsando y cumpliendo con las instrucciones del presidente Nicol\u00e1s Maduro, quien busca mantener como una prioridad la atenci\u00f3n del 1&#215;10 del Buen Gobierno, una plataforma que lleg\u00f3 para quedarse, ayudando a mejorar la calidad de vida de cada uno de las y los venezolanos. <\/p>\n\n\n\n<p>Sibci Gu\u00e1rico<\/p>\n\n\n\n<p><\/p>\n","protected":false},"excerpt":{"rendered":"<p>Desde las instalaciones del Palacio de Gobierno del estado Gu\u00e1rico, ubicado en San Juan de los Morros, el gobernador Jos\u00e9 V\u00e1squez llev\u00f3 a cabo una videoconferencia donde participaron distintas autoridades regionales, consolidando la primera jornada de trabajo del Estado Mayor del 1&#215;10 del Buen Gobierno y estableciendo un plan de<\/p>\n","protected":false},"author":2,"featured_media":8191,"comment_status":"open","ping_status":"open","sticky":false,"template":"","format":"standard","meta":{"advanced_seo_description":"","jetpack_seo_html_title":"","jetpack_seo_noindex":false,"_jetpack_memberships_contains_paid_content":false,"footnotes":"","jetpack_publicize_message":"","jetpack_publicize_feature_enabled":true,"jetpack_social_post_already_shared":true,"jetpack_social_options":{"image_generator_settings":{"template":"highway","enabled":false},"version":2}},"categories":[284,251],"tags":[8,7,32],"class_list":["post-8190","post","type-post","status-publish","format-standard","has-post-thumbnail","hentry","category-gobierno-de-guarico","category-webdealta","tag-altagraciadeorituco","tag-guarico","tag-webdealta",""],"jetpack_publicize_connections":[],"jetpack_featured_media_url":"https:\/\/webdealta.info\/wp-content\/uploads\/2024\/01\/estado-mayor-1x10-webdealta.png","jetpack_sharing_enabled":true,"jetpack_likes_enabled":true,"jetpack-related-posts":[],"jetpack_shortlink":"https:\/\/wp.me\/pcseDn-286","_links":{"self":[{"href":"https:\/\/webdealta.info\/index.php?rest_route=\/wp\/v2\/posts\/8190","targetHints":{"allow":["GET"]}}],"collection":[{"href":"https:\/\/webdealta.info\/index.php?rest_route=\/wp\/v2\/posts"}],"about":[{"href":"https:\/\/webdealta.info\/index.php?rest_route=\/wp\/v2\/types\/post"}],"author":[{"embeddable":true,"href":"https:\/\/webdealta.info\/index.php?rest_route=\/wp\/v2\/users\/2"}],"replies":[{"embeddable":true,"href":"https:\/\/webdealta.info\/index.php?rest_route=%2Fwp%2Fv2%2Fcomments&post=8190"}],"version-history":[{"count":1,"href":"https:\/\/webdealta.info\/index.php?rest_route=\/wp\/v2\/posts\/8190\/revisions"}],"predecessor-version":[{"id":8192,"href":"https:\/\/webdealta.info\/index.php?rest_route=\/wp\/v2\/posts\/8190\/revisions\/8192"}],"wp:featuredmedia":[{"embeddable":true,"href":"https:\/\/webdealta.info\/index.php?rest_route=\/wp\/v2\/media\/8191"}],"wp:attachment":[{"href":"https:\/\/webdealta.info\/index.php?rest_route=%2Fwp%2Fv2%2Fmedia&parent=8190"}],"wp:term":[{"taxonomy":"category","embeddable":true,"href":"https:\/\/webdealta.info\/index.php?rest_route=%2Fwp%2Fv2%2Fcategories&post=8190"},{"taxonomy":"post_tag","embeddable":true,"href":"https:\/\/webdealta.info\/index.php?rest_route=%2Fwp%2Fv2%2Ftags&post=8190"}],"curies":[{"name":"wp","href":"https:\/\/api.w.org\/{rel}","templated":true}]}}