{"id":8162,"date":"2024-01-21T13:37:49","date_gmt":"2024-01-21T17:37:49","guid":{"rendered":"https:\/\/webdealta.info\/?p=8162"},"modified":"2024-01-21T13:37:50","modified_gmt":"2024-01-21T17:37:50","slug":"san-rafael-de-orituco-empeora-servicio-de-agua-potable","status":"publish","type":"post","link":"https:\/\/webdealta.info\/?p=8162","title":{"rendered":"San Rafael de Orituco: empeora servicio de agua potable"},"content":{"rendered":"\n<p>Amanda Saldivia.-<\/p>\n\n\n\n<p>Habitantes de San Rafael de Orituco est\u00e1n preocupados por se acent\u00faa la deficiencia en el servicio de agua potable, lo que ocasiona que pasen el d\u00eda a la expectativa de un suministro que no llega o si lo hace, es por tan poco tiempo, que no da oportunidad de recolectar suficiente para cubrir las necesidades b\u00e1sicas del hogar.<\/p>\n\n\n\n<p>\u201cEsta problem\u00e1tica se ha venido acentuando y estamos trasnochados, uno se angustia cuando llega el s\u00e1bado, es terrible estar pendientes todo el d\u00eda, y anoche fue que lleg\u00f3 un rato a las once y media y la mayor\u00eda se qued\u00f3 sin agua\u201d, expres\u00f3 Fabiola G\u00f3mez, vecina de la calle Rojas Paul con Tememure.<\/p>\n\n\n\n<p>Tambi\u00e9n Andreina Matos expres\u00f3 preocupaci\u00f3n por lo extenuante que es pasar el d\u00eda esperando el servicio. En su caso, el poco suministro que lleg\u00f3 fue de 5:00 am a 7:00 am de este domingo, tiempo que fue insuficiente para recolectar lo necesario para una semana.<\/p>\n\n\n\n<p>Otro testimonio del casco central de San Rafael de Orituco, lo dio Felicidad Salas, quien hizo el llamado a Hidrop\u00e1ez \u201ca ver que est\u00e1 pasando, a nosotros nos tocaba el s\u00e1bado todo el d\u00eda y lleg\u00f3 un poquito a la una de la madrugada\u201d. &nbsp;<\/p>\n\n\n\n<p>La preocupaci\u00f3n de las vecinas est\u00e1 en la p\u00e9rdida de la calidad de vida, porque pasan el d\u00eda y la noche esperando el servicio y no tienen la certeza de que llegar\u00e1, lo que consideran es un desgaste f\u00edsico y mental para toda la familia, adem\u00e1s del impacto econ\u00f3mico de comprar el agua a los \u00abcisterneros\u00bb a raz\u00f3n de cinco d\u00f3lares por tanque de mil litros. <\/p>\n\n\n\n<p>@amandasaldivia  <\/p>\n\n\n\n<p><\/p>\n","protected":false},"excerpt":{"rendered":"<p>Amanda Saldivia.- Habitantes de San Rafael de Orituco est\u00e1n preocupados por se acent\u00faa la deficiencia en el servicio de agua potable, lo que ocasiona que pasen el d\u00eda a la expectativa de un suministro que no llega o si lo hace, es por tan poco tiempo, que no da oportunidad<\/p>\n","protected":false},"author":2,"featured_media":8163,"comment_status":"open","ping_status":"open","sticky":false,"template":"","format":"standard","meta":{"advanced_seo_description":"","jetpack_seo_html_title":"","jetpack_seo_noindex":false,"_jetpack_memberships_contains_paid_content":false,"footnotes":"","jetpack_publicize_message":"","jetpack_publicize_feature_enabled":true,"jetpack_social_post_already_shared":true,"jetpack_social_options":{"image_generator_settings":{"template":"highway","enabled":false},"version":2}},"categories":[21,268,251],"tags":[8,7,32],"class_list":["post-8162","post","type-post","status-publish","format-standard","has-post-thumbnail","hentry","category-agua-potable","category-servicios-publicos","category-webdealta","tag-altagraciadeorituco","tag-guarico","tag-webdealta",""],"jetpack_publicize_connections":[],"jetpack_featured_media_url":"https:\/\/webdealta.info\/wp-content\/uploads\/2024\/01\/sin-agua-san-rafael-de-orituco-2024.png","jetpack_sharing_enabled":true,"jetpack_likes_enabled":true,"jetpack-related-posts":[],"jetpack_shortlink":"https:\/\/wp.me\/pcseDn-27E","_links":{"self":[{"href":"https:\/\/webdealta.info\/index.php?rest_route=\/wp\/v2\/posts\/8162","targetHints":{"allow":["GET"]}}],"collection":[{"href":"https:\/\/webdealta.info\/index.php?rest_route=\/wp\/v2\/posts"}],"about":[{"href":"https:\/\/webdealta.info\/index.php?rest_route=\/wp\/v2\/types\/post"}],"author":[{"embeddable":true,"href":"https:\/\/webdealta.info\/index.php?rest_route=\/wp\/v2\/users\/2"}],"replies":[{"embeddable":true,"href":"https:\/\/webdealta.info\/index.php?rest_route=%2Fwp%2Fv2%2Fcomments&post=8162"}],"version-history":[{"count":1,"href":"https:\/\/webdealta.info\/index.php?rest_route=\/wp\/v2\/posts\/8162\/revisions"}],"predecessor-version":[{"id":8164,"href":"https:\/\/webdealta.info\/index.php?rest_route=\/wp\/v2\/posts\/8162\/revisions\/8164"}],"wp:featuredmedia":[{"embeddable":true,"href":"https:\/\/webdealta.info\/index.php?rest_route=\/wp\/v2\/media\/8163"}],"wp:attachment":[{"href":"https:\/\/webdealta.info\/index.php?rest_route=%2Fwp%2Fv2%2Fmedia&parent=8162"}],"wp:term":[{"taxonomy":"category","embeddable":true,"href":"https:\/\/webdealta.info\/index.php?rest_route=%2Fwp%2Fv2%2Fcategories&post=8162"},{"taxonomy":"post_tag","embeddable":true,"href":"https:\/\/webdealta.info\/index.php?rest_route=%2Fwp%2Fv2%2Ftags&post=8162"}],"curies":[{"name":"wp","href":"https:\/\/api.w.org\/{rel}","templated":true}]}}