{"id":8154,"date":"2024-01-20T11:34:19","date_gmt":"2024-01-20T15:34:19","guid":{"rendered":"https:\/\/webdealta.info\/?p=8154"},"modified":"2024-01-20T11:35:07","modified_gmt":"2024-01-20T15:35:07","slug":"un-fallecido-y-un-lesionado-dejo-colision-entre-motocicleta-y-camion","status":"publish","type":"post","link":"https:\/\/webdealta.info\/?p=8154","title":{"rendered":"Un fallecido y un lesionado dej\u00f3 colisi\u00f3n entre motocicleta y cami\u00f3n"},"content":{"rendered":"\n<p>Amanda Saldivia.-<\/p>\n\n\n\n<p>Un fallecido y un lesionado fue el resultado de la colisi\u00f3n entre un cami\u00f3n marca Chevrolet, modelo Kodiac, color blanco y una motocicleta, en la cual se desplazaban tres personas, hecho ocurrido a las 8:00 am de este s\u00e1bado 20 de enero, en el sector Saladillo de Altagracia de Orituco.<\/p>\n\n\n\n<p>En el procedimiento de auxilio a los lesionados, actuaron funcionarios del Cuerpo de Bomberos Andr\u00e9 Fourneau, instituci\u00f3n comandada por el General Denis Dur\u00e1n. Este precis\u00f3 que el fallecido no ten\u00eda documentaci\u00f3n entre sus pertenec\u00edas, pero fue identificado por los compa\u00f1eros con el nombre de David Navas.<\/p>\n\n\n\n<p>Otro dato aportado, es que este joven falleci\u00f3 en el lugar del suceso y era uno de los \u201cparrilleros\u201d de la motocicleta que colision\u00f3 con el veh\u00edculo de carga.<\/p>\n\n\n\n<p>Respecto al resto de los tripulantes de la motocicleta, dijo que Emiliano Manuitt de 26 a\u00f1os de edad, result\u00f3 ileso y Duban Hern\u00e1ndez de 23 a\u00f1os present\u00f3 politraumatismo generalizado, lo que amerit\u00f3 ser trasladado a la sala de emergencia del hospital Dr. Jos\u00e9 Francisco Torrealba, procedimiento a cargo de Protecci\u00f3n Civil.<\/p>\n\n\n\n<p>@amandasaldivia  <\/p>\n\n\n\n<p><\/p>\n","protected":false},"excerpt":{"rendered":"<p>Amanda Saldivia.- Un fallecido y un lesionado fue el resultado de la colisi\u00f3n entre un cami\u00f3n marca Chevrolet, modelo Kodiac, color blanco y una motocicleta, en la cual se desplazaban tres personas, hecho ocurrido a las 8:00 am de este s\u00e1bado 20 de enero, en el sector Saladillo de Altagracia<\/p>\n","protected":false},"author":2,"featured_media":8155,"comment_status":"open","ping_status":"open","sticky":false,"template":"","format":"standard","meta":{"advanced_seo_description":"","jetpack_seo_html_title":"","jetpack_seo_noindex":false,"_jetpack_memberships_contains_paid_content":false,"footnotes":"","jetpack_publicize_message":"","jetpack_publicize_feature_enabled":true,"jetpack_social_post_already_shared":true,"jetpack_social_options":{"image_generator_settings":{"template":"highway","enabled":false},"version":2}},"categories":[234,251],"tags":[8,7,32],"class_list":["post-8154","post","type-post","status-publish","format-standard","has-post-thumbnail","hentry","category-sucesos","category-webdealta","tag-altagraciadeorituco","tag-guarico","tag-webdealta",""],"jetpack_publicize_connections":[],"jetpack_featured_media_url":"https:\/\/webdealta.info\/wp-content\/uploads\/2024\/01\/sucesos-20-de-enerowebdealta.png","jetpack_sharing_enabled":true,"jetpack_likes_enabled":true,"jetpack-related-posts":[],"jetpack_shortlink":"https:\/\/wp.me\/pcseDn-27w","_links":{"self":[{"href":"https:\/\/webdealta.info\/index.php?rest_route=\/wp\/v2\/posts\/8154","targetHints":{"allow":["GET"]}}],"collection":[{"href":"https:\/\/webdealta.info\/index.php?rest_route=\/wp\/v2\/posts"}],"about":[{"href":"https:\/\/webdealta.info\/index.php?rest_route=\/wp\/v2\/types\/post"}],"author":[{"embeddable":true,"href":"https:\/\/webdealta.info\/index.php?rest_route=\/wp\/v2\/users\/2"}],"replies":[{"embeddable":true,"href":"https:\/\/webdealta.info\/index.php?rest_route=%2Fwp%2Fv2%2Fcomments&post=8154"}],"version-history":[{"count":1,"href":"https:\/\/webdealta.info\/index.php?rest_route=\/wp\/v2\/posts\/8154\/revisions"}],"predecessor-version":[{"id":8156,"href":"https:\/\/webdealta.info\/index.php?rest_route=\/wp\/v2\/posts\/8154\/revisions\/8156"}],"wp:featuredmedia":[{"embeddable":true,"href":"https:\/\/webdealta.info\/index.php?rest_route=\/wp\/v2\/media\/8155"}],"wp:attachment":[{"href":"https:\/\/webdealta.info\/index.php?rest_route=%2Fwp%2Fv2%2Fmedia&parent=8154"}],"wp:term":[{"taxonomy":"category","embeddable":true,"href":"https:\/\/webdealta.info\/index.php?rest_route=%2Fwp%2Fv2%2Fcategories&post=8154"},{"taxonomy":"post_tag","embeddable":true,"href":"https:\/\/webdealta.info\/index.php?rest_route=%2Fwp%2Fv2%2Ftags&post=8154"}],"curies":[{"name":"wp","href":"https:\/\/api.w.org\/{rel}","templated":true}]}}