{"id":8149,"date":"2024-01-17T20:56:15","date_gmt":"2024-01-18T00:56:15","guid":{"rendered":"https:\/\/webdealta.info\/?p=8149"},"modified":"2024-01-17T20:57:02","modified_gmt":"2024-01-18T00:57:02","slug":"gobernador-vasquez-afino-estrategias-junto-al-ministro-de-interior-justicia-y-paz","status":"publish","type":"post","link":"https:\/\/webdealta.info\/?p=8149","title":{"rendered":"Gobernador V\u00e1squez afin\u00f3 estrategias junto al Ministro de Interior, Justicia y Paz"},"content":{"rendered":"\n<p>El gobernador del estado Gu\u00e1rico, junto al ministro del Poder Popular de Interior, Justicia y Paz, Remigio Ceballos Ichaso, particip\u00f3 en una mesa de planificaci\u00f3n en relaci\u00f3n a los avances que ha tenido la entidad llanera en materia de seguridad, resaltando la importante disminuci\u00f3n de \u00edndices delictivos durante los \u00faltimos a\u00f1os.<\/p>\n\n\n\n<p>\u201c\u00a1Somos garantes de paz y tranquilidad! Por eso estamos definiendo acciones para seguir garantizando en este 2024 la seguridad integral de todo el pueblo guarique\u00f1o\u201d, indic\u00f3 el mandatario regional a trav\u00e9s de una publicaci\u00f3n en las redes sociales.<\/p>\n\n\n\n<p>En este sentido, se destaca la importancia del lineamiento emitido por el presidente Nicol\u00e1s Maduro, que hace referencia a la \u201cPaz, seguridad e integridad territorial\u201d, nombre que identifica a la tercera transformaci\u00f3n (3T), tal como lo explic\u00f3 durante el Mensaje Anual ante la Asamblea Nacional, como parte de los 7 objetivos para acelerar el proceso de desarrollo que requiere Venezuela con miras a convertirse en un pa\u00eds potencia.<\/p>\n\n\n\n<p>Adem\u00e1s, el v\u00e9rtice de Seguridad Ciudadana est\u00e1 incluido dentro del programa de Gobierno de Gu\u00e1rico, denominado \u201cPedro Zaraza\u201d, desarrollando un trabajo en conjunto dentro de los distintos organismos de seguridad como la Fuerza Armada Nacional Bolivariana, la Polic\u00eda tanto nacional, como regional y municipal, instituciones como el Cicpc, Dgcim.<\/p>\n\n\n\n<p>Por su parte, el Almirante en Jefe, Remigio Ceballos Ichaso, ha se\u00f1alado la importancia de la prevenci\u00f3n integral para la paz y la vida, como herramienta contra la comisi\u00f3n de delitos en el pa\u00eds \u201cLa Gran Misi\u00f3n Cuadrante de Paz, cuenta con 11 v\u00e9rtices, siendo el primero de ellos la Prevenci\u00f3n Integral para la Vida y la Paz, el cual promueve la toma de conciencia y el empoderamiento por parte de los ciudadanos de la cultura preventiva\u201d.<\/p>\n\n\n\n<p>Dentro de este contexto, en el estado Gu\u00e1rico, organismos han unido sus fuerza para fortalecer la seguridad preventiva, y as\u00ed lograr posicionar a la entidad llanera como el sexto estado m\u00e1s seguro del pa\u00eds.<\/p>\n\n\n\n<p>Estas acciones aseguran que el Ministerio P\u00fablico, el Tribunal Supremo de Justicia, la Defensor\u00eda P\u00fablica, y la Defensor\u00eda del Pueblo junto a los \u00f3rganos de seguridad, conforman un equipo gigantesco del Estado venezolano, que avanza con pie firme en la lucha directa contra el delito en todas sus expresiones.<\/p>\n\n\n\n<p>Sibci Gu\u00e1rico  <\/p>\n\n\n\n<p><\/p>\n","protected":false},"excerpt":{"rendered":"<p>El gobernador del estado Gu\u00e1rico, junto al ministro del Poder Popular de Interior, Justicia y Paz, Remigio Ceballos Ichaso, particip\u00f3 en una mesa de planificaci\u00f3n en relaci\u00f3n a los avances que ha tenido la entidad llanera en materia de seguridad, resaltando la importante disminuci\u00f3n de \u00edndices delictivos durante los \u00faltimos<\/p>\n","protected":false},"author":2,"featured_media":8150,"comment_status":"open","ping_status":"open","sticky":false,"template":"","format":"standard","meta":{"advanced_seo_description":"","jetpack_seo_html_title":"","jetpack_seo_noindex":false,"_jetpack_memberships_contains_paid_content":false,"footnotes":"","jetpack_publicize_message":"","jetpack_publicize_feature_enabled":true,"jetpack_social_post_already_shared":true,"jetpack_social_options":{"image_generator_settings":{"template":"highway","enabled":false},"version":2}},"categories":[66,251],"tags":[8,7,32],"class_list":["post-8149","post","type-post","status-publish","format-standard","has-post-thumbnail","hentry","category-regionales","category-webdealta","tag-altagraciadeorituco","tag-guarico","tag-webdealta",""],"jetpack_publicize_connections":[],"jetpack_featured_media_url":"https:\/\/webdealta.info\/wp-content\/uploads\/2024\/01\/gobern-17-de-enero-webdealta.png","jetpack_sharing_enabled":true,"jetpack_likes_enabled":true,"jetpack-related-posts":[],"jetpack_shortlink":"https:\/\/wp.me\/pcseDn-27r","_links":{"self":[{"href":"https:\/\/webdealta.info\/index.php?rest_route=\/wp\/v2\/posts\/8149","targetHints":{"allow":["GET"]}}],"collection":[{"href":"https:\/\/webdealta.info\/index.php?rest_route=\/wp\/v2\/posts"}],"about":[{"href":"https:\/\/webdealta.info\/index.php?rest_route=\/wp\/v2\/types\/post"}],"author":[{"embeddable":true,"href":"https:\/\/webdealta.info\/index.php?rest_route=\/wp\/v2\/users\/2"}],"replies":[{"embeddable":true,"href":"https:\/\/webdealta.info\/index.php?rest_route=%2Fwp%2Fv2%2Fcomments&post=8149"}],"version-history":[{"count":1,"href":"https:\/\/webdealta.info\/index.php?rest_route=\/wp\/v2\/posts\/8149\/revisions"}],"predecessor-version":[{"id":8151,"href":"https:\/\/webdealta.info\/index.php?rest_route=\/wp\/v2\/posts\/8149\/revisions\/8151"}],"wp:featuredmedia":[{"embeddable":true,"href":"https:\/\/webdealta.info\/index.php?rest_route=\/wp\/v2\/media\/8150"}],"wp:attachment":[{"href":"https:\/\/webdealta.info\/index.php?rest_route=%2Fwp%2Fv2%2Fmedia&parent=8149"}],"wp:term":[{"taxonomy":"category","embeddable":true,"href":"https:\/\/webdealta.info\/index.php?rest_route=%2Fwp%2Fv2%2Fcategories&post=8149"},{"taxonomy":"post_tag","embeddable":true,"href":"https:\/\/webdealta.info\/index.php?rest_route=%2Fwp%2Fv2%2Ftags&post=8149"}],"curies":[{"name":"wp","href":"https:\/\/api.w.org\/{rel}","templated":true}]}}