{"id":8141,"date":"2024-01-16T20:59:20","date_gmt":"2024-01-17T00:59:20","guid":{"rendered":"https:\/\/webdealta.info\/?p=8141"},"modified":"2024-01-16T20:59:25","modified_gmt":"2024-01-17T00:59:25","slug":"gobierno-del-orituco-honro-a-maestros-en-su-dia","status":"publish","type":"post","link":"https:\/\/webdealta.info\/?p=8141","title":{"rendered":"Gobierno del Orituco honr\u00f3 a maestros en su d\u00eda"},"content":{"rendered":"\n<p>Prensa alcald\u00eda.-<\/p>\n\n\n\n<p>El auditorio de la E.B Jos\u00e9 Ram\u00f3n Camejo fue el escenario para la celebraci\u00f3n de la sesi\u00f3n especial por el Concejo Municipal en honor a las maestras y maestros del municipio Jos\u00e9 Tadeo Monagas, donde la estudiante Kendri Meza fue la oradora de orden, quien brind\u00f3 un emotivo discurso dedicado a los educadores.<\/p>\n\n\n\n<p>En el evento estuvieron presentes diferentes autoridades regionales y municipales, tales como el Dr. El\u00edas Zurita, director del Centro por el Desarrollo y la Calidad Educativa del estado Gu\u00e1rico; Pedro Sol\u00f3rzano, alcalde del municipio Jos\u00e9 Tadeo Monagas; acompa\u00f1ado de parte del equipo pol\u00edtico municipal y las diferentes autoridades educativas, civiles y militares del municipio.<\/p>\n\n\n\n<p>Durante su intervenci\u00f3n, el primer mandatario municipal agradeci\u00f3 a todos los maestros por su dedicaci\u00f3n y labor en la formaci\u00f3n de las futuras generaciones. \u00abEl maestro y la maestra juegan un papel determinante en la vida de los ni\u00f1os, ni\u00f1as y adolescentes, marcan una fuerte influencia para su futuro\u00bb, expres\u00f3 Pedro Sol\u00f3rzano.<\/p>\n\n\n\n<p>Durante la sesi\u00f3n, hubo reconocimientos a maestros destacados en el municipio, quienes han sobresalido por su compromiso y excelencia en la ense\u00f1anza, as\u00ed como entrega de regalos.<\/p>\n\n\n\n<p>Adem\u00e1s, se realiz\u00f3 un emotivo discurso en el que se resalt\u00f3 la importancia de la labor docente y se expres\u00f3 el compromiso de la c\u00e1mara municipal y el alcalde en seguir apoyando la educaci\u00f3n y el bienestar de los maestros.<\/p>\n\n\n\n<p>La sesi\u00f3n especial en honor al d\u00eda del maestro fue un momento significativo para reconocer y valorar el trabajo de los maestros, y reafirmar el compromiso de las autoridades locales en su apoyo a la educaci\u00f3n y al gremio docente. <\/p>\n\n\n\n<p><\/p>\n","protected":false},"excerpt":{"rendered":"<p>Prensa alcald\u00eda.- El auditorio de la E.B Jos\u00e9 Ram\u00f3n Camejo fue el escenario para la celebraci\u00f3n de la sesi\u00f3n especial por el Concejo Municipal en honor a las maestras y maestros del municipio Jos\u00e9 Tadeo Monagas, donde la estudiante Kendri Meza fue la oradora de orden, quien brind\u00f3 un emotivo<\/p>\n","protected":false},"author":2,"featured_media":8142,"comment_status":"open","ping_status":"open","sticky":false,"template":"","format":"standard","meta":{"advanced_seo_description":"","jetpack_seo_html_title":"","jetpack_seo_noindex":false,"_jetpack_memberships_contains_paid_content":false,"footnotes":"","jetpack_publicize_message":"","jetpack_publicize_feature_enabled":true,"jetpack_social_post_already_shared":true,"jetpack_social_options":{"image_generator_settings":{"template":"highway","enabled":false},"version":2}},"categories":[335,251],"tags":[8,7,32],"class_list":["post-8141","post","type-post","status-publish","format-standard","has-post-thumbnail","hentry","category-locales","category-webdealta","tag-altagraciadeorituco","tag-guarico","tag-webdealta",""],"jetpack_publicize_connections":[],"jetpack_featured_media_url":"https:\/\/webdealta.info\/wp-content\/uploads\/2024\/01\/maestros-alcaldia-webdealta.png","jetpack_sharing_enabled":true,"jetpack_likes_enabled":true,"jetpack-related-posts":[],"jetpack_shortlink":"https:\/\/wp.me\/pcseDn-27j","_links":{"self":[{"href":"https:\/\/webdealta.info\/index.php?rest_route=\/wp\/v2\/posts\/8141","targetHints":{"allow":["GET"]}}],"collection":[{"href":"https:\/\/webdealta.info\/index.php?rest_route=\/wp\/v2\/posts"}],"about":[{"href":"https:\/\/webdealta.info\/index.php?rest_route=\/wp\/v2\/types\/post"}],"author":[{"embeddable":true,"href":"https:\/\/webdealta.info\/index.php?rest_route=\/wp\/v2\/users\/2"}],"replies":[{"embeddable":true,"href":"https:\/\/webdealta.info\/index.php?rest_route=%2Fwp%2Fv2%2Fcomments&post=8141"}],"version-history":[{"count":1,"href":"https:\/\/webdealta.info\/index.php?rest_route=\/wp\/v2\/posts\/8141\/revisions"}],"predecessor-version":[{"id":8143,"href":"https:\/\/webdealta.info\/index.php?rest_route=\/wp\/v2\/posts\/8141\/revisions\/8143"}],"wp:featuredmedia":[{"embeddable":true,"href":"https:\/\/webdealta.info\/index.php?rest_route=\/wp\/v2\/media\/8142"}],"wp:attachment":[{"href":"https:\/\/webdealta.info\/index.php?rest_route=%2Fwp%2Fv2%2Fmedia&parent=8141"}],"wp:term":[{"taxonomy":"category","embeddable":true,"href":"https:\/\/webdealta.info\/index.php?rest_route=%2Fwp%2Fv2%2Fcategories&post=8141"},{"taxonomy":"post_tag","embeddable":true,"href":"https:\/\/webdealta.info\/index.php?rest_route=%2Fwp%2Fv2%2Ftags&post=8141"}],"curies":[{"name":"wp","href":"https:\/\/api.w.org\/{rel}","templated":true}]}}