{"id":8132,"date":"2024-01-14T20:41:48","date_gmt":"2024-01-15T00:41:48","guid":{"rendered":"https:\/\/webdealta.info\/?p=8132"},"modified":"2024-01-14T20:41:56","modified_gmt":"2024-01-15T00:41:56","slug":"julio-silvera-ratificado-como-presidente-del-concejo-municipal","status":"publish","type":"post","link":"https:\/\/webdealta.info\/?p=8132","title":{"rendered":"Julio Silvera ratificado como presidente del Concejo Municipal"},"content":{"rendered":"\n<p>Amanda Saldivia.-<\/p>\n\n\n\n<p>El concejal Julio Silvera (PSUV), fue ratificado como presidente del Concejo Municipal, al igual que el Secretario Efra\u00edn Mej\u00eda; mientras que el edil Enio Malpica (Alianza por el Cambio), estrena como nuevo vicepresidente.<\/p>\n\n\n\n<p>La propuesta fue presentada por la concejala Liz Bol\u00edvar, jefa de la Fracci\u00f3n del Partido Socialista Unido de Venezuela, en medio de la sesi\u00f3n ordinaria convocada para la instalaci\u00f3n, elecci\u00f3n y juramentaci\u00f3n de la directiva, la cual se celebr\u00f3 el pasado viernes 12 de enero, en el sal\u00f3n Sim\u00f3n Bol\u00edvar de la alcald\u00eda del municipio Jos\u00e9 Tadeo Monagas.<\/p>\n\n\n\n<p>Entre los asistentes estuvo el alcalde Pedro Sol\u00f3rzano, la Dra. Elsy Rodr\u00edguez, presidenta de la Fundaci\u00f3n Ni\u00f1o Sim\u00f3n; Ryan Rojas, diputado del Consejo Legislativo de Gu\u00e1rico; Ram\u00f3n Magallanes, diputado a la Asamblea Nacional; el licenciado Jos\u00e9 \u00c1ngel Torrealba, enlace pol\u00edtico del PSUV, adem\u00e1s de directores y representantes de institucionales p\u00fablicas.<\/p>\n\n\n\n<p>El presidente del Concejo Municipal reci\u00e9n ratificado, dijo que seguir\u00e1n legislando en pro de las mejoras del municipio Monagas y que no har\u00e1n una gesti\u00f3n obstruccionista a los planes del alcalde Pedro Sol\u00f3rzano.<\/p>\n\n\n\n<p>Por su parte, el alcalde, quien dirigi\u00f3 la juramentaci\u00f3n acompa\u00f1ado por dirigente de base del PSUV, les augur\u00f3 el mayor de los \u00e9xitos para la gesti\u00f3n legislativa de este a\u00f1o.<\/p>\n\n\n\n<p>@amandasaldivia <\/p>\n\n\n\n<p><\/p>\n","protected":false},"excerpt":{"rendered":"<p>Amanda Saldivia.- El concejal Julio Silvera (PSUV), fue ratificado como presidente del Concejo Municipal, al igual que el Secretario Efra\u00edn Mej\u00eda; mientras que el edil Enio Malpica (Alianza por el Cambio), estrena como nuevo vicepresidente. La propuesta fue presentada por la concejala Liz Bol\u00edvar, jefa de la Fracci\u00f3n del Partido<\/p>\n","protected":false},"author":2,"featured_media":8133,"comment_status":"open","ping_status":"open","sticky":false,"template":"","format":"standard","meta":{"advanced_seo_description":"","jetpack_seo_html_title":"","jetpack_seo_noindex":false,"_jetpack_memberships_contains_paid_content":false,"footnotes":"","jetpack_publicize_message":"","jetpack_publicize_feature_enabled":true,"jetpack_social_post_already_shared":true,"jetpack_social_options":{"image_generator_settings":{"template":"highway","enabled":false},"version":2}},"categories":[294,335,251],"tags":[8,7,32],"class_list":["post-8132","post","type-post","status-publish","format-standard","has-post-thumbnail","hentry","category-concejo-municipal","category-locales","category-webdealta","tag-altagraciadeorituco","tag-guarico","tag-webdealta",""],"jetpack_publicize_connections":[],"jetpack_featured_media_url":"https:\/\/webdealta.info\/wp-content\/uploads\/2024\/01\/silvera-directivs-webdealta.png","jetpack_sharing_enabled":true,"jetpack_likes_enabled":true,"jetpack-related-posts":[],"jetpack_shortlink":"https:\/\/wp.me\/pcseDn-27a","_links":{"self":[{"href":"https:\/\/webdealta.info\/index.php?rest_route=\/wp\/v2\/posts\/8132","targetHints":{"allow":["GET"]}}],"collection":[{"href":"https:\/\/webdealta.info\/index.php?rest_route=\/wp\/v2\/posts"}],"about":[{"href":"https:\/\/webdealta.info\/index.php?rest_route=\/wp\/v2\/types\/post"}],"author":[{"embeddable":true,"href":"https:\/\/webdealta.info\/index.php?rest_route=\/wp\/v2\/users\/2"}],"replies":[{"embeddable":true,"href":"https:\/\/webdealta.info\/index.php?rest_route=%2Fwp%2Fv2%2Fcomments&post=8132"}],"version-history":[{"count":1,"href":"https:\/\/webdealta.info\/index.php?rest_route=\/wp\/v2\/posts\/8132\/revisions"}],"predecessor-version":[{"id":8134,"href":"https:\/\/webdealta.info\/index.php?rest_route=\/wp\/v2\/posts\/8132\/revisions\/8134"}],"wp:featuredmedia":[{"embeddable":true,"href":"https:\/\/webdealta.info\/index.php?rest_route=\/wp\/v2\/media\/8133"}],"wp:attachment":[{"href":"https:\/\/webdealta.info\/index.php?rest_route=%2Fwp%2Fv2%2Fmedia&parent=8132"}],"wp:term":[{"taxonomy":"category","embeddable":true,"href":"https:\/\/webdealta.info\/index.php?rest_route=%2Fwp%2Fv2%2Fcategories&post=8132"},{"taxonomy":"post_tag","embeddable":true,"href":"https:\/\/webdealta.info\/index.php?rest_route=%2Fwp%2Fv2%2Ftags&post=8132"}],"curies":[{"name":"wp","href":"https:\/\/api.w.org\/{rel}","templated":true}]}}