{"id":8115,"date":"2024-01-12T06:42:39","date_gmt":"2024-01-12T10:42:39","guid":{"rendered":"https:\/\/webdealta.info\/?p=8115"},"modified":"2024-01-12T06:42:44","modified_gmt":"2024-01-12T10:42:44","slug":"ministerio-de-ecosocialismo-insta-a-denunciar-a-los-piromaniacos","status":"publish","type":"post","link":"https:\/\/webdealta.info\/?p=8115","title":{"rendered":"Ministerio de Ecosocialismo insta a denunciar a los piroman\u00edacos"},"content":{"rendered":"\n<p>Amanda Saldivia.-<\/p>\n\n\n\n<p>Ante los incendios forestales registrados desde el pasado mes de diciembre, los cuales han arrasado con al menos 30 hect\u00e1reas que forman parte del \u00c1rea de Protecci\u00f3n Ambiental (APA), el Ministerio del Poder Popular de Ecosocialismo, representado en el municipio Jos\u00e9 Tadeo Monagas por la Ing. Lilian Hern\u00e1ndez, inst\u00f3 a la poblaci\u00f3n de abandonar la pr\u00e1ctica de quemar, as\u00ed como tambi\u00e9n a denunciar a quienes incurran en este delito.<\/p>\n\n\n\n<p>El llamado lo formul\u00f3 en el programa Tiempo de Cambios que se transmite por la emisora Activa 104.9 FM de Altagracia de Orituco, en el cual precis\u00f3 que la zona m\u00e1s afectada es la ubicada al norte de la urbanizaci\u00f3n El Diamante, declarada \u00e1rea APA a inicios de los a\u00f1os 90, en virtud de la necesaria protecci\u00f3n de especies forestales y animales que conforman ese h\u00e1bitat.<\/p>\n\n\n\n<p>Otro dato de inter\u00e9s aportado por la coordinadora del Minec, es que el municipio Monagas ocupa el segundo lugar de Gu\u00e1rico en incendios forestales, lista que encabeza Roscio, donde tambi\u00e9n se hacen esfuerzos para concientizar a la poblaci\u00f3n, con miras a que se abandone la quema como alternativa de limpieza de patios o acondicionamiento de terrenos para conucos.<\/p>\n\n\n\n<p>Sobre el n\u00famero de incendios forestales reportados a la fecha, la Ing. Hern\u00e1ndez precis\u00f3 que son seis de consideraci\u00f3n, donde hubo riesgos de que el fuego pueda alcanzar a viviendas, adem\u00e1s de los da\u00f1os al ambiente y a la salud, lo que motiv\u00f3 incrementar la campa\u00f1a que ya viene desarrollando el Ministerio de Ecosocialismo, dependencia que alerta que \u201cprovocar un incendio forestal es delito\u201d.<\/p>\n\n\n\n<p>Para las denuncias, la Ing. Lilian Hern\u00e1ndez suministro el n\u00famero 0800-ambiente (08002624368), la oficina local 02383340460 y el personal 04243251745, con la finalidad de que los ciudadanos aporten datos que les permitan aplicar las sanciones.<\/p>\n\n\n\n<p>Por otra parte, durante el desarrollo del programa radial, hubo el testimonio de Nilda Arias y Mariela Pi\u00f1ango, vecinas del sector San Juan de esta localidad, quienes exigieron sancionar a las personas que queman, porque son las causantes de las afecciones respiratorias que padecen ellas y familiares, algunos adultos mayores y ni\u00f1os.<\/p>\n\n\n\n<p>Asimismo, hubo la participaci\u00f3n del Dr. Carlos Macero, especialista en el \u00e1rea pulmonar, que dej\u00f3 claro que \u201cel humo o la exposici\u00f3n a estos combustibles de biomasa, que es como se le conoce a la quema o al humo de le\u00f1a es un factor de riesgo para el aumento de las enfermedades respiratorias\u201d.<\/p>\n\n\n\n<p>Este profesional cit\u00f3 como ejemplo el EPOP, Enfermedad Pulmonar Obstructiva Cr\u00f3nica, la cual tiene como primer factor de riesgo el cigarrillo, \u201cpero el segundo, es la exposici\u00f3n a estos combustibles de biomasa, de manera tal que la exposici\u00f3n indiscriminada a este tipo de ambiente con humo, va a aumentar las probabilidades de que los pacientes sufran enfermedades respiratorias\u201d e igualmente a los asm\u00e1ticos.<\/p>\n\n\n\n<p>@amandasaldivia <\/p>\n\n\n\n<p><\/p>\n","protected":false},"excerpt":{"rendered":"<p>Amanda Saldivia.- Ante los incendios forestales registrados desde el pasado mes de diciembre, los cuales han arrasado con al menos 30 hect\u00e1reas que forman parte del \u00c1rea de Protecci\u00f3n Ambiental (APA), el Ministerio del Poder Popular de Ecosocialismo, representado en el municipio Jos\u00e9 Tadeo Monagas por la Ing. Lilian Hern\u00e1ndez,<\/p>\n","protected":false},"author":2,"featured_media":8116,"comment_status":"open","ping_status":"open","sticky":false,"template":"","format":"standard","meta":{"advanced_seo_description":"","jetpack_seo_html_title":"","jetpack_seo_noindex":false,"_jetpack_memberships_contains_paid_content":false,"footnotes":"","jetpack_publicize_message":"","jetpack_publicize_feature_enabled":true,"jetpack_social_post_already_shared":true,"jetpack_social_options":{"image_generator_settings":{"template":"highway","enabled":false},"version":2}},"categories":[335,251],"tags":[8,7,32],"class_list":["post-8115","post","type-post","status-publish","format-standard","has-post-thumbnail","hentry","category-locales","category-webdealta","tag-altagraciadeorituco","tag-guarico","tag-webdealta",""],"jetpack_publicize_connections":[],"jetpack_featured_media_url":"https:\/\/webdealta.info\/wp-content\/uploads\/2024\/01\/Ing.-Lilian-Hernandez-webdealta-minec.png","jetpack_sharing_enabled":true,"jetpack_likes_enabled":true,"jetpack-related-posts":[],"jetpack_shortlink":"https:\/\/wp.me\/pcseDn-26T","_links":{"self":[{"href":"https:\/\/webdealta.info\/index.php?rest_route=\/wp\/v2\/posts\/8115","targetHints":{"allow":["GET"]}}],"collection":[{"href":"https:\/\/webdealta.info\/index.php?rest_route=\/wp\/v2\/posts"}],"about":[{"href":"https:\/\/webdealta.info\/index.php?rest_route=\/wp\/v2\/types\/post"}],"author":[{"embeddable":true,"href":"https:\/\/webdealta.info\/index.php?rest_route=\/wp\/v2\/users\/2"}],"replies":[{"embeddable":true,"href":"https:\/\/webdealta.info\/index.php?rest_route=%2Fwp%2Fv2%2Fcomments&post=8115"}],"version-history":[{"count":1,"href":"https:\/\/webdealta.info\/index.php?rest_route=\/wp\/v2\/posts\/8115\/revisions"}],"predecessor-version":[{"id":8117,"href":"https:\/\/webdealta.info\/index.php?rest_route=\/wp\/v2\/posts\/8115\/revisions\/8117"}],"wp:featuredmedia":[{"embeddable":true,"href":"https:\/\/webdealta.info\/index.php?rest_route=\/wp\/v2\/media\/8116"}],"wp:attachment":[{"href":"https:\/\/webdealta.info\/index.php?rest_route=%2Fwp%2Fv2%2Fmedia&parent=8115"}],"wp:term":[{"taxonomy":"category","embeddable":true,"href":"https:\/\/webdealta.info\/index.php?rest_route=%2Fwp%2Fv2%2Fcategories&post=8115"},{"taxonomy":"post_tag","embeddable":true,"href":"https:\/\/webdealta.info\/index.php?rest_route=%2Fwp%2Fv2%2Ftags&post=8115"}],"curies":[{"name":"wp","href":"https:\/\/api.w.org\/{rel}","templated":true}]}}