{"id":8103,"date":"2024-01-09T21:37:27","date_gmt":"2024-01-10T01:37:27","guid":{"rendered":"https:\/\/webdealta.info\/?p=8103"},"modified":"2024-01-09T21:37:37","modified_gmt":"2024-01-10T01:37:37","slug":"guarico-disminuyo-en-un-50-el-indice-delictivo-en-comparacion-al-2022","status":"publish","type":"post","link":"https:\/\/webdealta.info\/?p=8103","title":{"rendered":"Gu\u00e1rico disminuy\u00f3 en un 50% el \u00edndice delictivo en comparaci\u00f3n al 2022"},"content":{"rendered":"\n<p>El martes, 09 de enero, desde las instalaciones de la Regi\u00f3n Estrat\u00e9gica de Defensa Integral REDI Los Llanos, el gobernador del estado Gu\u00e1rico, Jos\u00e9 V\u00e1squez, ofreci\u00f3 una rueda de prensa para ampliar detalles en materia de seguridad, acerca de las estad\u00edsticas sobre la disminuci\u00f3n de \u00edndices delictivos en toda la entidad llanera, as\u00ed como de otras acciones que buscan garantizar la paz a la poblaci\u00f3n.<\/p>\n\n\n\n<p>Dentro de este contexto, el gobernador detall\u00f3 que \u201chemos venido bajando los \u00edndices delictivos. Desde el 2017, que exist\u00edan m\u00e1s de 4 mil hechos delictivos al 2023 con cierre el pasado 31 de diciembre, con menos de 700 hechos delictivos y todo esto se debe a la cohesi\u00f3n, acci\u00f3n y articulaci\u00f3n de la uni\u00f3n c\u00edvico &#8211; militar &#8211; policial\u201d.<\/p>\n\n\n\n<p>\u201cPor eso, hoy elevo un reconocimiento justo y meritorio a todos los funcionarios y funcionarias que con sus labores diarias, han permitido que los \u00edndices disminuyan en comparaci\u00f3n al 2022 en un 50%, y m\u00e1s del 100% en comparaci\u00f3n al 2017\u201d.<\/p>\n\n\n\n<p>Por su parte, V\u00e1squez resalt\u00f3 \u201cGu\u00e1rico pas\u00f3 de estar entre los 6 estados m\u00e1s inseguros, a estar entre los primeros 6 m\u00e1s seguros, seg\u00fan el Observatorio Nacional de la Seguridad, es algo que pocos reconocen, pero que es un esfuerzo y un trabajo tit\u00e1nico\u201d.<\/p>\n\n\n\n<p><strong>Instalado Consejo de Seguridad<\/strong><\/p>\n\n\n\n<p>Adem\u00e1s, a trav\u00e9s de una amplia reuni\u00f3n de trabajo, se instal\u00f3 el Consejo de Seguridad, a fin de garantizar paz y tranquilidad a la poblaci\u00f3n durante todo el 2024, con distintos v\u00e9rtices importantes, principalmente la seguridad preventiva, tambi\u00e9n se resalta la seguridad de reacci\u00f3n, que se refiere a la que act\u00faa ante las acciones y hechos.<\/p>\n\n\n\n<p>Asimismo, se acompa\u00f1an de la seguridad jur\u00eddica, que forma parte integral para que se haga justicia real y sensible ante los distintos procedimientos, de la mano de distintos organismos como la Fiscal\u00eda, Ministerio P\u00fablico, Defensor\u00eda del Pueblo, defensor\u00eda p\u00fablica, los Tribunales, entre otros. &nbsp;As\u00ed como tambi\u00e9n est\u00e1 el componente de prevenci\u00f3n de riesgo que va de la mano con instituciones como Protecci\u00f3n Civil y Cuerpo de Bomberos.<\/p>\n\n\n\n<p>A prop\u00f3sito del Operativo Navidades Seguras 2023, el gobernador indic\u00f3 que no ha culminado \u201ctermina el 12 de enero, porque tambi\u00e9n abarca el retorno de los distintos turistas y visitantes, sobre todo en Gu\u00e1rico como estado que conecta muchos otros, que contiene importantes encrucijadas y troncales, nos vemos en la obligatoriedad se garantizar la tranquilidad\u201d.<\/p>\n\n\n\n<p><strong>**<\/strong><strong>Intento de extorsi\u00f3n**<\/strong><\/p>\n\n\n\n<p>Por otra parte, el l\u00edder regional tambi\u00e9n inform\u00f3 que fueron detenidas 6 personas que intentaban extorsionar a comerciantes en la ciudad de San Juan de los Morros, y resalt\u00f3 que de esta forma le dicen a la delincuencia \u201caqu\u00ed en Gu\u00e1rico hay un Gobierno que garantiza la paz de nuestro pueblo\u201d.<\/p>\n\n\n\n<p>Es por ello que aprovech\u00f3 la ocasi\u00f3n para dar cifras importantes de \u00edndices delictivos en materia de intento de extorsi\u00f3n \u201cdurante el 2023, obtuvimos un 50% disminuci\u00f3n, con 49 extorsiones frustradas, adem\u00e1s de 17 intervenciones legales, 93 sujetos procesados por extorsi\u00f3n, incautadas 64 armas de fuego, 14 artefactos explosivos y 31 veh\u00edculos\u201d.<\/p>\n\n\n\n<p>\u201cEl 99% de estas cifras han sido casos denunciados, solo el otro 1% ha sido por investigaciones y\/o inteligencia, es por eso que le digo al pueblo: ay\u00fadennos con la denuncia oportuna. La comunicaci\u00f3n es importante, \u00a1Denuncien! y nosotros actuaremos, como se ha venido haciendo en estos \u00faltimos a\u00f1os, en casa rinc\u00f3n del estado Gu\u00e1rico\u201d, finaliz\u00f3 el gobernador guarique\u00f1o.<\/p>\n\n\n\n<p>El mandatario regional estuvo acompa\u00f1ado del MG. Len\u00edn Ram\u00edrez, comandante de la REDI Los Llanos, el G\/D Luis Rosales Molina, comandante de la ZODI Gu\u00e1rico N\u00ba 35, el G\/D Luiger Neil Ugas Medina, secretario de seguridad ciudadana y director de Poli Gu\u00e1rico, as\u00ed como el Juez Rector, Javier Schmilinsky, Defensora p\u00fablica Dra. Mar\u00eda Ferrer, Defensor del Pueblo, Juan sierra, asimismo de otros representantes de Poderes P\u00fablicos y organismos de seguridad y prevenci\u00f3n.\u00a0 <\/p>\n\n\n\n<p>Sibci Gu\u00e1rico<\/p>\n\n\n\n<p><\/p>\n","protected":false},"excerpt":{"rendered":"<p>El martes, 09 de enero, desde las instalaciones de la Regi\u00f3n Estrat\u00e9gica de Defensa Integral REDI Los Llanos, el gobernador del estado Gu\u00e1rico, Jos\u00e9 V\u00e1squez, ofreci\u00f3 una rueda de prensa para ampliar detalles en materia de seguridad, acerca de las estad\u00edsticas sobre la disminuci\u00f3n de \u00edndices delictivos en toda la<\/p>\n","protected":false},"author":2,"featured_media":8104,"comment_status":"open","ping_status":"open","sticky":false,"template":"","format":"standard","meta":{"advanced_seo_description":"","jetpack_seo_html_title":"","jetpack_seo_noindex":false,"_jetpack_memberships_contains_paid_content":false,"footnotes":"","jetpack_publicize_message":"","jetpack_publicize_feature_enabled":true,"jetpack_social_post_already_shared":true,"jetpack_social_options":{"image_generator_settings":{"template":"highway","enabled":false},"version":2}},"categories":[284,291,251],"tags":[8,32],"class_list":["post-8103","post","type-post","status-publish","format-standard","has-post-thumbnail","hentry","category-gobierno-de-guarico","category-seguridad","category-webdealta","tag-altagraciadeorituco","tag-webdealta",""],"jetpack_publicize_connections":[],"jetpack_featured_media_url":"https:\/\/webdealta.info\/wp-content\/uploads\/2024\/01\/gobernador-vasq.png","jetpack_sharing_enabled":true,"jetpack_likes_enabled":true,"jetpack-related-posts":[],"jetpack_shortlink":"https:\/\/wp.me\/pcseDn-26H","_links":{"self":[{"href":"https:\/\/webdealta.info\/index.php?rest_route=\/wp\/v2\/posts\/8103","targetHints":{"allow":["GET"]}}],"collection":[{"href":"https:\/\/webdealta.info\/index.php?rest_route=\/wp\/v2\/posts"}],"about":[{"href":"https:\/\/webdealta.info\/index.php?rest_route=\/wp\/v2\/types\/post"}],"author":[{"embeddable":true,"href":"https:\/\/webdealta.info\/index.php?rest_route=\/wp\/v2\/users\/2"}],"replies":[{"embeddable":true,"href":"https:\/\/webdealta.info\/index.php?rest_route=%2Fwp%2Fv2%2Fcomments&post=8103"}],"version-history":[{"count":1,"href":"https:\/\/webdealta.info\/index.php?rest_route=\/wp\/v2\/posts\/8103\/revisions"}],"predecessor-version":[{"id":8105,"href":"https:\/\/webdealta.info\/index.php?rest_route=\/wp\/v2\/posts\/8103\/revisions\/8105"}],"wp:featuredmedia":[{"embeddable":true,"href":"https:\/\/webdealta.info\/index.php?rest_route=\/wp\/v2\/media\/8104"}],"wp:attachment":[{"href":"https:\/\/webdealta.info\/index.php?rest_route=%2Fwp%2Fv2%2Fmedia&parent=8103"}],"wp:term":[{"taxonomy":"category","embeddable":true,"href":"https:\/\/webdealta.info\/index.php?rest_route=%2Fwp%2Fv2%2Fcategories&post=8103"},{"taxonomy":"post_tag","embeddable":true,"href":"https:\/\/webdealta.info\/index.php?rest_route=%2Fwp%2Fv2%2Ftags&post=8103"}],"curies":[{"name":"wp","href":"https:\/\/api.w.org\/{rel}","templated":true}]}}