{"id":8095,"date":"2024-01-08T21:31:07","date_gmt":"2024-01-09T01:31:07","guid":{"rendered":"https:\/\/webdealta.info\/?p=8095"},"modified":"2024-01-08T21:31:10","modified_gmt":"2024-01-09T01:31:10","slug":"autoridad-unica-de-educacion-dio-bienvenida-al-segundo-lapso-del-ano-escolar","status":"publish","type":"post","link":"https:\/\/webdealta.info\/?p=8095","title":{"rendered":"Autoridad \u00danica de Educaci\u00f3n dio bienvenida al segundo lapso del a\u00f1o escolar"},"content":{"rendered":"\n<p>En el estado Gu\u00e1rico, estudiantes de los diferentes grados de educaci\u00f3n b\u00e1sica, adem\u00e1s del personal docente, administrativo y obrero, se reincorporaron a las actividades acad\u00e9micas y laborales, luego de la temporada vacacional decembrina, para dar inicio al segundo lapso del a\u00f1o escolar 2023-2024 y fortalecer la educaci\u00f3n del semillero de la patria.<\/p>\n\n\n\n<p>En este sentido, la autoridad \u00fanica en Educaci\u00f3n del estado Gu\u00e1rico, El\u00edas Zurita, dio la bienvenida a cada uno de los estudiantes en nombre del presidente Nicol\u00e1s Maduro, la ministra del Poder Popular para la Educaci\u00f3n, Yelitze Santaella, el gobernador de la entidad llanera, Jos\u00e9 V\u00e1squez y todo el personal educativo que hace vida en cada de una de las 1.023 escuelas y colegios de la regi\u00f3n, destacando que de esta forma se contin\u00faa avanzando en el proceso denominado la Calidad Educativa.<\/p>\n\n\n\n<p>\u00abLa escuela es epicentro de la acci\u00f3n social y tambi\u00e9n de desarrollo territorial, y por esa visi\u00f3n estamos aqu\u00ed en uni\u00f3n c\u00edvico-militar, gracias a las fuerzas armadas y a todo el colectivo y los entes adscritos al Ministerio del Poder Popular para la Educaci\u00f3n como el Cenae, FEDE y todas las instancias que hacen posible que nuestros ni\u00f1os puedan volver a clase\u00bb, coment\u00f3 Zurita, enfatizando que para este 2024 se tiene un excelente pron\u00f3stico en materia educativa.<\/p>\n\n\n\n<p>De igual forma, Lilibeth Infante, directora de la Unidad Educativa Nacional Bolivariana, Dr. Ar\u00edstides Rojas, manifest\u00f3 su alegr\u00eda con respecto al inicio de clases, destacando que en este nuevo a\u00f1o los docentes, personal obrero y administrativo, con mucho amor y cari\u00f1o continuar\u00e1n brind\u00e1ndoles las herramientas necesarias a todos los ni\u00f1os para su formaci\u00f3n, \u00abvamos a iniciar este 2024 con toda la energ\u00eda para que este segundo momento sea igual o a\u00fan m\u00e1s exitoso que el primero\u00bb, concluy\u00f3 Infante.<\/p>\n\n\n\n<p>Por su parte, Diosmar Leal, estudiante de la UENB Dr. Ar\u00edstides Rojas, destac\u00f3 su felicidad y emoci\u00f3n por regresar a clases y poder compartir con sus maestros y compa\u00f1eros, ya que gracias a sus docentes puede seguir llen\u00e1ndose de conocimientos, y puntualiz\u00f3, \u00abeste nuevo a\u00f1o estoy dispuesta a seguir trabajando por mantener buenas notas, al mismo tiempo que me divierto con mis amigos que tanta falta me hicieron\u00bb.<\/p>\n\n\n\n<p>De esta manera, el Gobierno Bolivariano contin\u00faa trabajando por garantizar la formaci\u00f3n del futuro de Venezuela, planteando nuevas metas y proyectos para seguir avanzando en la construcci\u00f3n de un pa\u00eds mejor y asegurar un 2024 lleno de \u00e9xitos en materia educativa.  <\/p>\n\n\n\n<p>Sibci Gu\u00e1rico<\/p>\n\n\n\n<p><\/p>\n","protected":false},"excerpt":{"rendered":"<p>En el estado Gu\u00e1rico, estudiantes de los diferentes grados de educaci\u00f3n b\u00e1sica, adem\u00e1s del personal docente, administrativo y obrero, se reincorporaron a las actividades acad\u00e9micas y laborales, luego de la temporada vacacional decembrina, para dar inicio al segundo lapso del a\u00f1o escolar 2023-2024 y fortalecer la educaci\u00f3n del semillero de<\/p>\n","protected":false},"author":2,"featured_media":8096,"comment_status":"open","ping_status":"open","sticky":false,"template":"","format":"standard","meta":{"advanced_seo_description":"","jetpack_seo_html_title":"","jetpack_seo_noindex":false,"_jetpack_memberships_contains_paid_content":false,"footnotes":"","jetpack_publicize_message":"","jetpack_publicize_feature_enabled":true,"jetpack_social_post_already_shared":true,"jetpack_social_options":{"image_generator_settings":{"template":"highway","enabled":false},"version":2}},"categories":[151,284,251],"tags":[8,7,32],"class_list":["post-8095","post","type-post","status-publish","format-standard","has-post-thumbnail","hentry","category-educacion","category-gobierno-de-guarico","category-webdealta","tag-altagraciadeorituco","tag-guarico","tag-webdealta",""],"jetpack_publicize_connections":[],"jetpack_featured_media_url":"https:\/\/webdealta.info\/wp-content\/uploads\/2024\/01\/clases-webdealta-2024.png","jetpack_sharing_enabled":true,"jetpack_likes_enabled":true,"jetpack-related-posts":[],"jetpack_shortlink":"https:\/\/wp.me\/pcseDn-26z","_links":{"self":[{"href":"https:\/\/webdealta.info\/index.php?rest_route=\/wp\/v2\/posts\/8095","targetHints":{"allow":["GET"]}}],"collection":[{"href":"https:\/\/webdealta.info\/index.php?rest_route=\/wp\/v2\/posts"}],"about":[{"href":"https:\/\/webdealta.info\/index.php?rest_route=\/wp\/v2\/types\/post"}],"author":[{"embeddable":true,"href":"https:\/\/webdealta.info\/index.php?rest_route=\/wp\/v2\/users\/2"}],"replies":[{"embeddable":true,"href":"https:\/\/webdealta.info\/index.php?rest_route=%2Fwp%2Fv2%2Fcomments&post=8095"}],"version-history":[{"count":1,"href":"https:\/\/webdealta.info\/index.php?rest_route=\/wp\/v2\/posts\/8095\/revisions"}],"predecessor-version":[{"id":8097,"href":"https:\/\/webdealta.info\/index.php?rest_route=\/wp\/v2\/posts\/8095\/revisions\/8097"}],"wp:featuredmedia":[{"embeddable":true,"href":"https:\/\/webdealta.info\/index.php?rest_route=\/wp\/v2\/media\/8096"}],"wp:attachment":[{"href":"https:\/\/webdealta.info\/index.php?rest_route=%2Fwp%2Fv2%2Fmedia&parent=8095"}],"wp:term":[{"taxonomy":"category","embeddable":true,"href":"https:\/\/webdealta.info\/index.php?rest_route=%2Fwp%2Fv2%2Fcategories&post=8095"},{"taxonomy":"post_tag","embeddable":true,"href":"https:\/\/webdealta.info\/index.php?rest_route=%2Fwp%2Fv2%2Ftags&post=8095"}],"curies":[{"name":"wp","href":"https:\/\/api.w.org\/{rel}","templated":true}]}}