{"id":8074,"date":"2023-12-12T21:28:38","date_gmt":"2023-12-13T01:28:38","guid":{"rendered":"https:\/\/webdealta.info\/?p=8074"},"modified":"2023-12-12T21:28:46","modified_gmt":"2023-12-13T01:28:46","slug":"la-esperanza-no-quiere-pasar-navidad-y-ano-nuevo-a-oscuras","status":"publish","type":"post","link":"https:\/\/webdealta.info\/?p=8074","title":{"rendered":"La Esperanza no quiere pasar Navidad y A\u00f1o Nuevo a oscuras"},"content":{"rendered":"\n<p>Amanda Saldivia.-<\/p>\n\n\n\n<p>M\u00e1s de cuatro meses sin energ\u00eda el\u00e9ctrica tiene la comunidad de La Esperanza, caser\u00edo ubicado al sur del municipio Jos\u00e9 Tadeo Monagas, Gu\u00e1rico, donde habitan 188 familias, las cuales no se resignan a pasar Navidad y A\u00f1o Nuevo a oscuras.<\/p>\n\n\n\n<p>M\u00faltiples han sido las gestiones emprendidas en pro de que Corpeolec Valle de la Pascua restablezca el servicio, pero hasta ahora no ha sido posible, seg\u00fan el testimonio de Vestalia \u00c1vila, quien cont\u00f3 a la Web de Altagracia que el caso fue elevado directamente a la gerencia regional de esa empresa.<\/p>\n\n\n\n<p>\u201cPara nosotros es triste y doloroso ver que se acerca Navidad, A\u00f1o Nuevo y nosotros a oscuras en estas comunidades\u201d expres\u00f3 \u00c1vila, al momento de precisar que no solo es La Esperanza, sino tambi\u00e9n Mamonal y Los Negros, los caser\u00edos sin emerg\u00eda el\u00e9ctrica desde hace pr\u00e1cticamente cuatro meses.<\/p>\n\n\n\n<p>Sobre las fallas, indic\u00f3 que la explicaci\u00f3n que da la empresa es que \u201chay un aislador da\u00f1ado o es un corta corriente, que si se rompen las guayas, pero lo m\u00e1s triste es que nosotros estamos constantemente sin servicio, hemos hablado con el alcalde nos dijo que no era competencia directa de \u00e9l, hemos hablado con el comisionado p\u00fablico, hemos hablado con ingenieros de la Pascua, incluso fuimos hasta la oficina del general Dar\u00edo Parra, all\u00ed le dejamos un comunicado y hasta el d\u00eda de hoy, o la noche de hoy, seguimos a oscuras\u201d.<\/p>\n\n\n\n<p>Como \u00faltimo recurso -acot\u00f3 Vestalia \u00c1vila- est\u00e1 hacer el llamado a trav\u00e9s de los medios de comunicaci\u00f3n social, con la esperanza de que ser escuchados.<\/p>\n\n\n\n<p>@amandasaldivia  <\/p>\n\n\n\n<p><\/p>\n","protected":false},"excerpt":{"rendered":"<p>Amanda Saldivia.- M\u00e1s de cuatro meses sin energ\u00eda el\u00e9ctrica tiene la comunidad de La Esperanza, caser\u00edo ubicado al sur del municipio Jos\u00e9 Tadeo Monagas, Gu\u00e1rico, donde habitan 188 familias, las cuales no se resignan a pasar Navidad y A\u00f1o Nuevo a oscuras. M\u00faltiples han sido las gestiones emprendidas en pro<\/p>\n","protected":false},"author":2,"featured_media":8075,"comment_status":"open","ping_status":"open","sticky":false,"template":"","format":"standard","meta":{"advanced_seo_description":"","jetpack_seo_html_title":"","jetpack_seo_noindex":false,"_jetpack_memberships_contains_paid_content":false,"footnotes":"","jetpack_publicize_message":"","jetpack_publicize_feature_enabled":true,"jetpack_social_post_already_shared":true,"jetpack_social_options":{"image_generator_settings":{"template":"highway","enabled":false},"version":2}},"categories":[197,122,251],"tags":[8,7,32],"class_list":["post-8074","post","type-post","status-publish","format-standard","has-post-thumbnail","hentry","category-denuncia","category-electricidad","category-webdealta","tag-altagraciadeorituco","tag-guarico","tag-webdealta",""],"jetpack_publicize_connections":[],"jetpack_featured_media_url":"https:\/\/webdealta.info\/wp-content\/uploads\/2023\/12\/la-esperanza-webdealta.png","jetpack_sharing_enabled":true,"jetpack_likes_enabled":true,"jetpack-related-posts":[],"jetpack_shortlink":"https:\/\/wp.me\/pcseDn-26e","_links":{"self":[{"href":"https:\/\/webdealta.info\/index.php?rest_route=\/wp\/v2\/posts\/8074","targetHints":{"allow":["GET"]}}],"collection":[{"href":"https:\/\/webdealta.info\/index.php?rest_route=\/wp\/v2\/posts"}],"about":[{"href":"https:\/\/webdealta.info\/index.php?rest_route=\/wp\/v2\/types\/post"}],"author":[{"embeddable":true,"href":"https:\/\/webdealta.info\/index.php?rest_route=\/wp\/v2\/users\/2"}],"replies":[{"embeddable":true,"href":"https:\/\/webdealta.info\/index.php?rest_route=%2Fwp%2Fv2%2Fcomments&post=8074"}],"version-history":[{"count":1,"href":"https:\/\/webdealta.info\/index.php?rest_route=\/wp\/v2\/posts\/8074\/revisions"}],"predecessor-version":[{"id":8076,"href":"https:\/\/webdealta.info\/index.php?rest_route=\/wp\/v2\/posts\/8074\/revisions\/8076"}],"wp:featuredmedia":[{"embeddable":true,"href":"https:\/\/webdealta.info\/index.php?rest_route=\/wp\/v2\/media\/8075"}],"wp:attachment":[{"href":"https:\/\/webdealta.info\/index.php?rest_route=%2Fwp%2Fv2%2Fmedia&parent=8074"}],"wp:term":[{"taxonomy":"category","embeddable":true,"href":"https:\/\/webdealta.info\/index.php?rest_route=%2Fwp%2Fv2%2Fcategories&post=8074"},{"taxonomy":"post_tag","embeddable":true,"href":"https:\/\/webdealta.info\/index.php?rest_route=%2Fwp%2Fv2%2Ftags&post=8074"}],"curies":[{"name":"wp","href":"https:\/\/api.w.org\/{rel}","templated":true}]}}